{"id":54898,"date":"2025-03-11T16:49:00","date_gmt":"2025-03-11T19:49:00","guid":{"rendered":"https:\/\/www.radiopresidenteibanez.cl\/web\/?p=54898"},"modified":"2025-03-11T15:22:21","modified_gmt":"2025-03-11T18:22:21","slug":"emprendedores-puntarenenses-finalizaron-exitosamente-su-paso-por-el-fosis","status":"publish","type":"post","link":"https:\/\/www.radiopresidenteibanez.cl\/web\/emprendedores-puntarenenses-finalizaron-exitosamente-su-paso-por-el-fosis\/","title":{"rendered":"Emprendedores puntarenenses finalizaron exitosamente su paso por el FOSIS"},"content":{"rendered":"\n<p>Concretar una idea de negocio y fortalecer uno ya en desarrollo es el objetivo central de<br>estas iniciativas que tuvieron como protagonistas a 52 personas, en su gran mayor\u00eda<br>mujeres, quienes accedieron a talleres de formaci\u00f3n, asesor\u00eda comercial y a un capital<br>semilla para la adquisici\u00f3n de bienes e insumos para sus negocios.<br>El objetivo de la iniciativa es que las personas desarrollen un microemprendimiento o<br>trabajo por cuenta propia, y generen con \u00e9ste ingresos aut\u00f3nomos superiores o iguales a<br>los declarados al inicio de su participaci\u00f3n en este programa, adem\u00e1s desarrollar<br>competencias emprendedoras y de negocios enfocado en la b\u00fasqueda de oportunidades<br>de negocio y el desarrollo de una soluci\u00f3n que aumente su mercado, incluyendo aspectos<br>comunicacionales, de marketing digital y redes.<br>\u201cLo que encontramos ac\u00e1 son empoderamientos, personas que adquieren conocimientos,<br>mayores herramientas y, por supuesto, bienes materiales que les permiten echar a andar<br>los negocios que est\u00e1n ideando o bien fortalecer aquellas actividades de comercio que<br>est\u00e1n realizando\u201d, se\u00f1al\u00f3 el director regional del Fondo de Solidaridad e Inversi\u00f3n Social,<br>FOSIS, Felipe Jeria Palma.<br>Por su parte, el secretario regional ministerial de Desarrollo Social y Familia, Danilo<br>Mimica Mansilla, destac\u00f3 el hecho que: \u201cemprender no es f\u00e1cil, sobre todo cuando se trata<br>de mujeres, quienes adem\u00e1s suelen desempe\u00f1ar labores de cuidados y jefas de hogar.<br>Seg\u00fan los estudios del Ministerio de Desarrollo Social y Familia cerca de un&nbsp;85% de las<br>personas que ejercen el rol de cuidadores son mujeres, por lo que no me extra\u00f1ar\u00eda que<br>la mayor\u00eda de las mujeres que participaron de este programa est\u00e9n desempe\u00f1ando alg\u00fan<br>tipo de cuidados, ya sea de sus hijos, padres adultos mayores u otro familiar.&nbsp;&nbsp;De ah\u00ed la<br>prioridad que tenemos como Gobierno para implementar el Sistema Nacional de Apoyos y<br>Cuidados Chile Cuida, lo cual es importante no s\u00f3lo para reivindicar el trabajo que realiza<br>la mujer cuidadora, sino que tambi\u00e9n para avanzar en la corresponsabilidad de los<br>cuidados, donde el Estado, la empresa privada y la sociedad civil puedan aportar para<br>enfrentar una realidad que, a todos, de alguna manera nos va a tocar vivir\u201d.<br>En la actividad de cierre de los programas, se realiz\u00f3 la entrega de certificados de<br>participaci\u00f3n, acompa\u00f1ados adem\u00e1s por el Seremi de Gobierno, Andro Mimica Guerrero;<br>y la Seremi de la Mujer y Equidad de G\u00e9nero, Alejandra Ruiz Ovando.<br>La inversi\u00f3n del FOSIS ascendi\u00f3 a los 54 millones de pesos, y fue ejecutada por la<br>consultora Educap Ltda.<\/p>\n","protected":false},"excerpt":{"rendered":"<p>Concretar una idea de negocio y fortalecer uno ya en desarrollo es el objetivo central deestas iniciativas que tuvieron como protagonistas a 52 personas, en su gran mayor\u00edamujeres, quienes accedieron&#8230; <a class=\"read-more\" href=\"https:\/\/www.radiopresidenteibanez.cl\/web\/emprendedores-puntarenenses-finalizaron-exitosamente-su-paso-por-el-fosis\/\">Leer m\u00e1s<\/a><\/p>\n","protected":false},"author":2,"featured_media":54899,"comment_status":"closed","ping_status":"closed","sticky":false,"template":"","format":"standard","meta":{"footnotes":""},"categories":[1],"tags":[],"class_list":["post-54898","post","type-post","status-publish","format-standard","has-post-thumbnail","hentry","category-cronica"],"_links":{"self":[{"href":"https:\/\/www.radiopresidenteibanez.cl\/web\/wp-json\/wp\/v2\/posts\/54898","targetHints":{"allow":["GET"]}}],"collection":[{"href":"https:\/\/www.radiopresidenteibanez.cl\/web\/wp-json\/wp\/v2\/posts"}],"about":[{"href":"https:\/\/www.radiopresidenteibanez.cl\/web\/wp-json\/wp\/v2\/types\/post"}],"author":[{"embeddable":true,"href":"https:\/\/www.radiopresidenteibanez.cl\/web\/wp-json\/wp\/v2\/users\/2"}],"replies":[{"embeddable":true,"href":"https:\/\/www.radiopresidenteibanez.cl\/web\/wp-json\/wp\/v2\/comments?post=54898"}],"version-history":[{"count":0,"href":"https:\/\/www.radiopresidenteibanez.cl\/web\/wp-json\/wp\/v2\/posts\/54898\/revisions"}],"wp:featuredmedia":[{"embeddable":true,"href":"https:\/\/www.radiopresidenteibanez.cl\/web\/wp-json\/wp\/v2\/media\/54899"}],"wp:attachment":[{"href":"https:\/\/www.radiopresidenteibanez.cl\/web\/wp-json\/wp\/v2\/media?parent=54898"}],"wp:term":[{"taxonomy":"category","embeddable":true,"href":"https:\/\/www.radiopresidenteibanez.cl\/web\/wp-json\/wp\/v2\/categories?post=54898"},{"taxonomy":"post_tag","embeddable":true,"href":"https:\/\/www.radiopresidenteibanez.cl\/web\/wp-json\/wp\/v2\/tags?post=54898"}],"curies":[{"name":"wp","href":"https:\/\/api.w.org\/{rel}","templated":true}]}}