{"id":54892,"date":"2025-03-11T14:16:00","date_gmt":"2025-03-11T17:16:00","guid":{"rendered":"https:\/\/www.radiopresidenteibanez.cl\/web\/?p=54892"},"modified":"2025-03-11T11:20:37","modified_gmt":"2025-03-11T14:20:37","slug":"mas-de-400-almacenes-de-barrio-podran-dar-un-salto-digital-con-fondo-concursable-de-sercotec","status":"publish","type":"post","link":"https:\/\/www.radiopresidenteibanez.cl\/web\/mas-de-400-almacenes-de-barrio-podran-dar-un-salto-digital-con-fondo-concursable-de-sercotec\/","title":{"rendered":"M\u00e1s de 400 almacenes de barrio podr\u00e1n dar un salto digital con fondo concursable de Sercotec"},"content":{"rendered":"\n<p>El Servicio de Cooperaci\u00f3n T\u00e9cnica (SERCOTEC) anunci\u00f3 la apertura de la primera<br>convocatoria nacional del a\u00f1o a sus fondos de fomento. Se trata del programa Digitaliza tu<br>Almac\u00e9n, que destinar\u00e1 $1.598 millones para impulsar la transformaci\u00f3n tecnol\u00f3gica de los<br>negocios de barrio.<br>La iniciativa otorga financiamiento no reembolsable para la realizaci\u00f3n de inversiones que<br>contribuyan al aumento de la competitividad de los almacenes del pa\u00eds mediante la<br>incorporaci\u00f3n de herramientas digitales, fortaleciendo su crecimiento y su modernizaci\u00f3n.<br>Sobre la convocatoria, el ministro de Econom\u00eda, Fomento y Turismo, Nicol\u00e1s Grau, se\u00f1al\u00f3<br>que \u201clos almacenes son el coraz\u00f3n del comercio de barrio de nuestro pa\u00eds y cumplen un rol<br>clave acercando los productos de primera necesidad a las comunidades, formando parte de<br>la vida de los chilenos y siendo un pilar de nuestra identidad local. Tambi\u00e9n, son la base<br>econ\u00f3mica de miles de personas y familias a lo largo de Chile. Por ello, a trav\u00e9s de este<br>programa, buscamos seguir fortaleciendo estos negocios, contribuyendo a que puedan<br>generar mejoras en la gesti\u00f3n de sus almacenes con avances en su digitalizaci\u00f3n. Este a\u00f1o<br>ser\u00e1n m\u00e1s de 400 almacenes los que podr\u00e1n acceder al financiamiento, por eso invitamos<br>a todas las almaceneras y almaceneros a conocer el programa en el sitio web de Sercotec,<br>cuyo plazo de postulaci\u00f3n se extender\u00e1 hasta el 20 de marzo\u201d.<br>Por su parte, la gerenta general de SERCOTEC, Mar\u00eda Jos\u00e9 Becerra Moro, destac\u00f3 el<br>impacto que ha tenido este programa para potenciar la labor de los negocios de barrio. \u00abLas<br>cifras nos hablan de una transformaci\u00f3n profunda en el comercio local. Un an\u00e1lisis a los<br>almacenes beneficiarios nos muestra que el 55% de los negocios que accedieron al<br>programa el 2023 constataron un aumento en sus ventas al a\u00f1o siguiente, y el 33% ha<br>mejorado sus m\u00e1rgenes de utilidad, demostrando que la digitalizaci\u00f3n es una inversi\u00f3n con<br>retorno tangible. Este instrumento busca ir acortando las brechas de acceso a tecnolog\u00edas<br>que presentan las Mipymes del pa\u00eds, para lo cual estamos disponiendo una inversi\u00f3n p\u00fablica<br>productiva de $1.598 millones. La transici\u00f3n del l\u00e1piz y papel a herramientas digitales<br>permite a nuestros almaceneros y almaceneras optimizar costos, gestionar inventarios<br>eficientemente y expandir sus canales de venta, generando un efecto multiplicador en la<br>econom\u00eda local\u201d.<\/p>\n\n\n\n<p>Sobre el programa<br>La nueva convocatoria de Digitaliza tu Almac\u00e9n proyecta beneficiar a 407 negocios a nivel<br>nacional, los que acceder\u00e1n a un subsidio no reembolsable de $2.950.000, monto que se<br>increment\u00f3 un 7% respecto al a\u00f1o anterior.<br>El financiamiento se puede destinar para la compra de activos que faciliten el avance del<br>almac\u00e9n en la era digital, inversiones en habilitaci\u00f3n de infraestructura, capacitaci\u00f3n,<br>asistencia t\u00e9cnica, marketing y capital de trabajo.<br>El programa est\u00e1 dirigido a almaceneros y almaceneras con inicio de actividades en primera<br>categor\u00eda ante el Servicio de Impuestos Internos, cuyo negocio cuente con una antig\u00fcedad<br>superior a 12 meses y que registre ventas netas menores o iguales a 5.000 UF al a\u00f1o. Para<br>acceder al programa, la persona postulante debe tener un almac\u00e9n con lugar de venta y<br>atenci\u00f3n f\u00edsico.<br>Los tipos de almacenes considerados para el programa incluyen, entre otros, a rotiser\u00edas,<br>minimarkets, minimercados, mercados particulares, pasteler\u00edas, panader\u00edas, amasander\u00edas,<br>carnicer\u00edas, pescader\u00edas, helader\u00edas, botiller\u00edas, confiter\u00edas, tostadur\u00edas y frutos del pa\u00eds,<br>emporios de venta a granel, fruter\u00edas, verduler\u00edas, bazares y librer\u00edas de barrio.<br>Las personas interesadas deber\u00e1n realizar su postulaci\u00f3n a trav\u00e9s de www.sercotec.cl,<br>donde encontrar\u00e1n toda la informaci\u00f3n sobre requisitos y documentaci\u00f3n necesaria. Las<br>postulaciones estar\u00e1n abiertas hasta el jueves 20 de marzo a las 15:00 horas.<br>Cobertura en Magallanes<br>Para la regi\u00f3n de Magallanes y Ant\u00e1rtica Chilena se cuenta con un presupuesto de<br>$86.414.152 para beneficiar a 22 almacenes.<br>Es as\u00ed que, en el lanzamiento regional del Programa, efectuado este lunes en el almac\u00e9n<br>\u201cS.O.S\u201d, ubicado en Enrique Abello #02126, Natasha Alarc\u00f3n, directora regional de<br>SERCOTEC, enfatiz\u00f3 en un especial llamado: \u201cinvitamos a cada almacenero de nuestros<br>barrios a participar en este programa, puesto que la digitalizaci\u00f3n de la gesti\u00f3n ha permitido<br>incrementar notoriamente sus ventas. En nuestra regi\u00f3n hemos puesto mucho \u00e9nfasis en<br>mejorar las condiciones de gran parte del comercio y Punta Arenas es un claro ejemplo, ya<br>que a este programa tambi\u00e9n se han sumado importantes esfuerzos como el realizado<br>durante el a\u00f1o pasado con las intervenciones hechas en fachadas de locales comerciales y<br>mejoramiento de infraestructura\u201d.<br>\u201cCuenten con total certeza de que seguiremos entregando, por medio de SERCOTEC, las<br>herramientas y recursos necesarios para que las Mipymes puedan seguir creciendo y<br>potenci\u00e1ndose\u201d, finaliz\u00f3.<\/p>\n\n\n\n<p>Del mismo modo, Mar\u00eda Bahamonde, propietaria del almac\u00e9n \u201cS.O.S\u201d y beneficiada con el<br>Programa en el proceso anterior, expres\u00f3 palabras de agradecimiento y valor\u00f3 la concreci\u00f3n<br>del mismo en esta nueva versi\u00f3n.<br>\u201cSensacional, qu\u00e9 mejor que poder dar a conocer mi almac\u00e9n que gracias a SERCOTEC. Pude<br>crecer y cumplir de forma m\u00e1s f\u00e1cil y en menor tiempo lo logrado, tanto en maquinaria,<br>publicidad, post de venta, lo adquirido gracias a este programa que entrega una gran ayuda;<br>en mi caso fue SERCOTEC una herramienta para dar impulso a mi emprendimiento y adquirir<br>otro nivel\u201d.<br>Las bases para postular al \u201cDigitaliza Tu Almac\u00e9n\u201d, est\u00e1n disponibles en www.sercotec.cl o<br>bien, para cualquier consulta al respecto, puede ser atendida en el Punto Mipe de<br>SERCOTEC, ubicado en Roca 817, piso 2, oficina 24, Punta Arenas. Tel\u00e9fonos: 23242504 &#8211;<br>23242503.<\/p>\n","protected":false},"excerpt":{"rendered":"<p>El Servicio de Cooperaci\u00f3n T\u00e9cnica (SERCOTEC) anunci\u00f3 la apertura de la primeraconvocatoria nacional del a\u00f1o a sus fondos de fomento. Se trata del programa Digitaliza tuAlmac\u00e9n, que destinar\u00e1 $1.598 millones&#8230; <a class=\"read-more\" href=\"https:\/\/www.radiopresidenteibanez.cl\/web\/mas-de-400-almacenes-de-barrio-podran-dar-un-salto-digital-con-fondo-concursable-de-sercotec\/\">Leer m\u00e1s<\/a><\/p>\n","protected":false},"author":2,"featured_media":54893,"comment_status":"closed","ping_status":"closed","sticky":false,"template":"","format":"standard","meta":{"footnotes":""},"categories":[1],"tags":[],"class_list":["post-54892","post","type-post","status-publish","format-standard","has-post-thumbnail","hentry","category-cronica"],"_links":{"self":[{"href":"https:\/\/www.radiopresidenteibanez.cl\/web\/wp-json\/wp\/v2\/posts\/54892","targetHints":{"allow":["GET"]}}],"collection":[{"href":"https:\/\/www.radiopresidenteibanez.cl\/web\/wp-json\/wp\/v2\/posts"}],"about":[{"href":"https:\/\/www.radiopresidenteibanez.cl\/web\/wp-json\/wp\/v2\/types\/post"}],"author":[{"embeddable":true,"href":"https:\/\/www.radiopresidenteibanez.cl\/web\/wp-json\/wp\/v2\/users\/2"}],"replies":[{"embeddable":true,"href":"https:\/\/www.radiopresidenteibanez.cl\/web\/wp-json\/wp\/v2\/comments?post=54892"}],"version-history":[{"count":0,"href":"https:\/\/www.radiopresidenteibanez.cl\/web\/wp-json\/wp\/v2\/posts\/54892\/revisions"}],"wp:featuredmedia":[{"embeddable":true,"href":"https:\/\/www.radiopresidenteibanez.cl\/web\/wp-json\/wp\/v2\/media\/54893"}],"wp:attachment":[{"href":"https:\/\/www.radiopresidenteibanez.cl\/web\/wp-json\/wp\/v2\/media?parent=54892"}],"wp:term":[{"taxonomy":"category","embeddable":true,"href":"https:\/\/www.radiopresidenteibanez.cl\/web\/wp-json\/wp\/v2\/categories?post=54892"},{"taxonomy":"post_tag","embeddable":true,"href":"https:\/\/www.radiopresidenteibanez.cl\/web\/wp-json\/wp\/v2\/tags?post=54892"}],"curies":[{"name":"wp","href":"https:\/\/api.w.org\/{rel}","templated":true}]}}