{"id":54889,"date":"2025-03-11T12:55:00","date_gmt":"2025-03-11T15:55:00","guid":{"rendered":"https:\/\/www.radiopresidenteibanez.cl\/web\/?p=54889"},"modified":"2025-03-11T11:16:14","modified_gmt":"2025-03-11T14:16:14","slug":"asi-que-el-hijo-de-su-hermana-es-huacho-linda-palabrita-no-como-ha-progresao-del-folklore","status":"publish","type":"post","link":"https:\/\/www.radiopresidenteibanez.cl\/web\/asi-que-el-hijo-de-su-hermana-es-huacho-linda-palabrita-no-como-ha-progresao-del-folklore\/","title":{"rendered":"As\u00ed que el hijo de su hermana es huacho linda palabrita \u00bfno? \u00bfc\u00f3mo ha progresa&#8217;o?..\u00bb Del folklore"},"content":{"rendered":"\n<p>Nos preguntan c\u00f3mo se puede hacer para que la empresa entregue a todos los trabajadores la posibilidad de hacer dobles turnos y no solo a algunos amigos de los jefes.<br>El punto es que esta figura del doble turno es anormal ya que no la consagra la ley. Trabajar doble turno implica 2 jornadas por d\u00eda y para posibilitar el il\u00edcito el trabajador marca salida del primer turno y se queda a un segundo turno, aunque en este no marca tarjeta.<br>O sea, para todos los efectos, \u00e9l no es una figura existente en la empresa durante el segundo turno.<br>La ley dice que la jornada semanal (hoy de 44 horas, a contar del 2026 de 42, para terminar el 2028 en 40 horas) no podr\u00e1 distribuirse en m\u00e1s de 6 y menos de 5 d\u00edas (en 2028 seran 4 dias), por lo que m\u00e1ximo un trabajador podr\u00eda estar hoy en su lugar de trabajo entre 8,8 y 7.3 horas, pudiendo aumentar en 2 horas si hay pacto de horas extras.<\/p>\n\n\n\n<p>2.- \u00bfY por qu\u00e9 se promueve y acepta?<br>En primer lugar el empleador se libera de pagar imposiciones y salud al trabajador, pues para todos los efectos este no est\u00e1 en turno.<br>Los trabajadores a su vez est\u00e1n dispuestos a hacerlo pues esto implica mayores ingresos. Lo que parecen desconocer es que en caso de accidentes no habr\u00e1 norma que los proteja adem\u00e1s de estar privando de empleo a otra persona.<br>Hay necesidad econ\u00f3mica, eso no est\u00e1 en duda, pero para mejorar esto lo mejor es la organizaci\u00f3n y el contrato colectivo.<br>Esta y no otra es la soluci\u00f3n.<\/p>\n","protected":false},"excerpt":{"rendered":"<p>Nos preguntan c\u00f3mo se puede hacer para que la empresa entregue a todos los trabajadores la posibilidad de hacer dobles turnos y no solo a algunos amigos de los jefes.El&#8230; <a class=\"read-more\" href=\"https:\/\/www.radiopresidenteibanez.cl\/web\/asi-que-el-hijo-de-su-hermana-es-huacho-linda-palabrita-no-como-ha-progresao-del-folklore\/\">Leer m\u00e1s<\/a><\/p>\n","protected":false},"author":2,"featured_media":54890,"comment_status":"closed","ping_status":"closed","sticky":false,"template":"","format":"standard","meta":{"footnotes":""},"categories":[1],"tags":[],"class_list":["post-54889","post","type-post","status-publish","format-standard","has-post-thumbnail","hentry","category-cronica"],"_links":{"self":[{"href":"https:\/\/www.radiopresidenteibanez.cl\/web\/wp-json\/wp\/v2\/posts\/54889","targetHints":{"allow":["GET"]}}],"collection":[{"href":"https:\/\/www.radiopresidenteibanez.cl\/web\/wp-json\/wp\/v2\/posts"}],"about":[{"href":"https:\/\/www.radiopresidenteibanez.cl\/web\/wp-json\/wp\/v2\/types\/post"}],"author":[{"embeddable":true,"href":"https:\/\/www.radiopresidenteibanez.cl\/web\/wp-json\/wp\/v2\/users\/2"}],"replies":[{"embeddable":true,"href":"https:\/\/www.radiopresidenteibanez.cl\/web\/wp-json\/wp\/v2\/comments?post=54889"}],"version-history":[{"count":0,"href":"https:\/\/www.radiopresidenteibanez.cl\/web\/wp-json\/wp\/v2\/posts\/54889\/revisions"}],"wp:featuredmedia":[{"embeddable":true,"href":"https:\/\/www.radiopresidenteibanez.cl\/web\/wp-json\/wp\/v2\/media\/54890"}],"wp:attachment":[{"href":"https:\/\/www.radiopresidenteibanez.cl\/web\/wp-json\/wp\/v2\/media?parent=54889"}],"wp:term":[{"taxonomy":"category","embeddable":true,"href":"https:\/\/www.radiopresidenteibanez.cl\/web\/wp-json\/wp\/v2\/categories?post=54889"},{"taxonomy":"post_tag","embeddable":true,"href":"https:\/\/www.radiopresidenteibanez.cl\/web\/wp-json\/wp\/v2\/tags?post=54889"}],"curies":[{"name":"wp","href":"https:\/\/api.w.org\/{rel}","templated":true}]}}