{"id":54886,"date":"2025-03-11T11:49:00","date_gmt":"2025-03-11T14:49:00","guid":{"rendered":"https:\/\/www.radiopresidenteibanez.cl\/web\/?p=54886"},"modified":"2025-03-11T09:59:53","modified_gmt":"2025-03-11T12:59:53","slug":"gobierno-destaca-avances-en-equidad-de-genero-y-reconoce-aocho-mujeres-destacadas-en-magallanes-este-8m","status":"publish","type":"post","link":"https:\/\/www.radiopresidenteibanez.cl\/web\/gobierno-destaca-avances-en-equidad-de-genero-y-reconoce-aocho-mujeres-destacadas-en-magallanes-este-8m\/","title":{"rendered":"Gobierno destaca avances en equidad de g\u00e9nero y reconoce aocho mujeres destacadas en Magallanes este 8M"},"content":{"rendered":"\n<p>En el marco de la Conmemoraci\u00f3n del D\u00eda Internacional de la Mujer, la SEREMI de la<br>Mujer y la Equidad de G\u00e9nero junto a la Delegaci\u00f3n Presidencial Regional de Magallanes<br>y la Ant\u00e1rtica Chilena llevaron a cabo el acto oficial de gobierno, instancia en la que se<br>realiz\u00f3 un balance de la Agenda de G\u00e9nero en la regi\u00f3n y se distingui\u00f3 a ocho mujeres<br>por su compromiso con la equidad de g\u00e9nero.<br>La actividad, realizada en el Liceo Polivalente Sara Braun, cont\u00f3 con la presencia de la<br>SEREMI de la Mujer y la Equidad de G\u00e9nero, Alejandra Ruiz Ovando, el Delegado<br>Presidencial Regional, Jos\u00e9 Ruiz Pivcevic, gabinete regional, y representantes de<br>diversas organizaciones de mujeres y feministas de la sociedad civil. Durante el evento se<br>destacaron los avances en materia legislativa, tales como la promulgaci\u00f3n de la Ley<br>Integral para Prevenir, Sancionar y Erradicar la Violencia de G\u00e9nero, la Ley de<br>Conciliaci\u00f3n, la Ley de Pago Efectivo de Pensiones Alimenticias, as\u00ed como la<br>implementaci\u00f3n de Centros de Atenci\u00f3n Especializada para V\u00edctimas de Violencia de<br>G\u00e9nero en todas las regiones del pa\u00eds.<br>\u00abHoy 8 de marzo es un d\u00eda de conmemoraci\u00f3n. Como gobierno hacemos una pausa para<br>evaluar los avances que hemos tenido, difundirlos y tambi\u00e9n reflexionar sobre los desaf\u00edos<br>pendientes. En esta actividad oficial, informamos a la comunidad sobre los avances<br>legislativos y las gestiones impulsadas para avanzar en equidad de g\u00e9nero. Adem\u00e1s,<br>reconocemos a ocho mujeres destacadas por su aporte a la regi\u00f3n y su incansable trabajo<br>por la equidad de g\u00e9nero\u00bb, destac\u00f3 la SEREMI Alejandra Ruiz Ovando.<br>Por su parte, el Delegado Presidencial Regional, Jos\u00e9 Ruiz Pivcevic, recalc\u00f3 la<br>importancia del anuncio realizado por el Presidente Gabriel Boric y la ministra de la Mujer,<br>Antonia Orellana, sobre la reforma constitucional para garantizar la igualdad de g\u00e9nero en<br>el sistema electoral. \u00abEste gobierno ha trabajado intensamente en medidas concretas que<br>impactan en la vida de las mujeres, como la Ley Integral y la reforma previsional que<br>busca compensar las desigualdades en las pensiones. Adem\u00e1s, hoy reafirmamos nuestro<br>compromiso con la equidad en la representaci\u00f3n pol\u00edtica, impulsando cambios para<br>garantizar mayor participaci\u00f3n de mujeres en elecciones regionales y comunales\u00bb, se\u00f1al\u00f3<br>la autoridad.<\/p>\n\n\n\n<p>Mujeres destacadas de Magallanes<br>En la ceremonia tambi\u00e9n se distingui\u00f3 a a ocho mujeres que han realizado un aporte<br>significativo en diversos \u00e1mbitos quienes fueron seleccionadas desde m\u00e1s de 40<br>postulaciones efectuadas por la comunidad.<br>Elisa Giustinianovich Campos &#8211; Bioingeniera, activista y exconvencional, ha liderado<br>iniciativas para la participaci\u00f3n de mujeres en la toma de decisiones y la prevenci\u00f3n de la<br>violencia de g\u00e9nero.<br>Georgina C\u00e1rdenas L\u00f3pez &#8211; Dirigenta social de 91 a\u00f1os, ha sido un pilar en la<br>organizaci\u00f3n de redes de apoyo comunitarias para mujeres y adultos mayores.<br>Magdalena Osorio Aliaga &#8211; Cient\u00edfica y divulgadora, ha promovido la inclusi\u00f3n de<br>mujeres en la ciencia y la investigaci\u00f3n ant\u00e1rtica.<br>Karen Hern\u00e1ndez Aravena &#8211; Prefecta de la PDI en Magallanes, con una destacada<br>trayectoria en la lucha contra delitos que afectan principalmente a mujeres.<br>Loreto Hern\u00e1ndez Clerc &#8211; Ingeniera agr\u00f3noma, impulsora de la soberan\u00eda alimentaria y<br>el liderazgo femenino en el mundo rural.<br>Concepci\u00f3n Isabel Soto C\u00e1rdenas &#8211; Matrona con m\u00e1s de 40 a\u00f1os de trayectoria,<br>pionera en la educaci\u00f3n sexual y el acceso a anticonceptivos en la regi\u00f3n.<br>Constanza Barr\u00eda Vera &#8211; Activista en el \u00e1mbito oncol\u00f3gico, ha desarrollado proyectos<br>para mejorar la calidad de vida de pacientes con c\u00e1ncer en Magallanes.<br>Patricia Neg\u00fce Vera &#8211; Pescadora artesanal y gestora cultural en Puerto Ed\u00e9n, ha<br>preservado saberes ancestrales y promovido el empoderamiento de mujeres a trav\u00e9s de<br>la artesan\u00eda.<br>\u00abPara m\u00ed es un honor recibir este reconocimiento. Lo m\u00e1s significativo es que haya sido<br>por mis pares, por quienes han trabajado conmigo en la regi\u00f3n. Llegu\u00e9 hace m\u00e1s de 50<br>a\u00f1os con los primeros m\u00e9todos anticonceptivos y luchamos para que las mujeres tuvieran<br>la posibilidad de decidir sobre su vida. Es importante seguir avanzando en derechos y<br>equidad\u00bb, expres\u00f3 Isabel Soto C\u00e1rdenas, matrona destacada quien en sus a\u00f1os de<br>carrera asisti\u00f3 m\u00e1s de 13 mil partos en la regi\u00f3n.<br>El evento concluy\u00f3 con un llamado de la SEREMI Alejandra Ruiz Ovando a seguir<br>avanzando en los derechos de ni\u00f1as y mujeres impulsando iniciativas que garanticen<br>igualdad de oportunidades \u201creconociendo los avances, y sobre todo sin permitir<br>retrocesos\u201d puntualiz\u00f3 la autoridad.<\/p>\n\n\n\n<p>M\u00e1s Mujeres en Pol\u00edtica<br>En el marco del D\u00eda Internacional de la Mujer, el Presidente Gabriel Boric anunci\u00f3 una<br>propuesta de reforma que busca fortalecer la participaci\u00f3n de las mujeres en la pol\u00edtica.<br>La iniciativa contempla dos proyectos de ley: uno para incorporar la igualdad de g\u00e9nero en<\/p>\n\n\n\n<p>el sistema electoral y otro que establece reglas de paridad en las listas de candidaturas<br>para elecciones parlamentarias, regionales y municipales, asegurando que sean<br>encabezadas por mujeres y alternadas entre hombres y mujeres.<br>En concreto:<br>Se presentar\u00e1n dos proyectos: uno de reforma a la Constituci\u00f3n y otro a la Ley Org\u00e1nica<br>Constitucional sobre votaciones populares y escrutinios, Ley Org\u00e1nica Constitucional<br>sobre gobierno y administraci\u00f3n regional y la Ley Org\u00e1nica Constitucional de<br>Municipalidades.<\/p>\n\n\n\n<ol class=\"wp-block-list\">\n<li>Constituci\u00f3n Pol\u00edtica de la Rep\u00fablica: se incorpora el principio de igualdad entre<br>hombres y mujeres en el sistema electoral (art\u00edculo 18).<\/li>\n\n\n\n<li>Ley Org\u00e1nica Constitucional sobre votaciones populares y escrutinios, Ley<br>Org\u00e1nica Constitucional sobre gobierno y administraci\u00f3n regional y la Ley<br>Org\u00e1nica Constitucional de Municipalidades:<br>a) Se establece que todas las listas a candidaturas pluripersonales, esto es, al<br>Senado, C\u00e1mara de Diputados, consejos regionales y concejos<br>municipales, deban ser encabezadas por mujeres y alternadas entre<br>hombres y mujeres sucesivamente.<br>b) En el caso de las listas de candidaturas impares se propone que en el<br>\u00faltimo puesto de la lista se pueda optar por una candidatura de mujer o de<br>hombre, debiendo siempre respetarse la regla de la alternancia y que<br>ninguno de los sexos en la lista deber\u00e1 superar el 60%.<br>c) Para el caso de listas con 3 candidaturas, excepcionalmente s\u00f3lo se<br>aplicar\u00e1 la regla de que una candidata mujer deba encabezar la lista.<br>d) La sanci\u00f3n aplicable en caso de que no se cumpla con estas reglas es el<br>rechazo de la totalidad de las candidaturas del partido o pacto electoral en<br>el distrito, circunscripci\u00f3n, circunscripci\u00f3n provincial o comuna, seg\u00fan<br>corresponda, lo que igualmente puede ser corregido por los partidos en un<br>plazo determinado.<\/li>\n<\/ol>\n","protected":false},"excerpt":{"rendered":"<p>En el marco de la Conmemoraci\u00f3n del D\u00eda Internacional de la Mujer, la SEREMI de laMujer y la Equidad de G\u00e9nero junto a la Delegaci\u00f3n Presidencial Regional de Magallanesy la&#8230; <a class=\"read-more\" href=\"https:\/\/www.radiopresidenteibanez.cl\/web\/gobierno-destaca-avances-en-equidad-de-genero-y-reconoce-aocho-mujeres-destacadas-en-magallanes-este-8m\/\">Leer m\u00e1s<\/a><\/p>\n","protected":false},"author":2,"featured_media":54887,"comment_status":"closed","ping_status":"closed","sticky":false,"template":"","format":"standard","meta":{"footnotes":""},"categories":[1],"tags":[],"class_list":["post-54886","post","type-post","status-publish","format-standard","has-post-thumbnail","hentry","category-cronica"],"_links":{"self":[{"href":"https:\/\/www.radiopresidenteibanez.cl\/web\/wp-json\/wp\/v2\/posts\/54886","targetHints":{"allow":["GET"]}}],"collection":[{"href":"https:\/\/www.radiopresidenteibanez.cl\/web\/wp-json\/wp\/v2\/posts"}],"about":[{"href":"https:\/\/www.radiopresidenteibanez.cl\/web\/wp-json\/wp\/v2\/types\/post"}],"author":[{"embeddable":true,"href":"https:\/\/www.radiopresidenteibanez.cl\/web\/wp-json\/wp\/v2\/users\/2"}],"replies":[{"embeddable":true,"href":"https:\/\/www.radiopresidenteibanez.cl\/web\/wp-json\/wp\/v2\/comments?post=54886"}],"version-history":[{"count":0,"href":"https:\/\/www.radiopresidenteibanez.cl\/web\/wp-json\/wp\/v2\/posts\/54886\/revisions"}],"wp:featuredmedia":[{"embeddable":true,"href":"https:\/\/www.radiopresidenteibanez.cl\/web\/wp-json\/wp\/v2\/media\/54887"}],"wp:attachment":[{"href":"https:\/\/www.radiopresidenteibanez.cl\/web\/wp-json\/wp\/v2\/media?parent=54886"}],"wp:term":[{"taxonomy":"category","embeddable":true,"href":"https:\/\/www.radiopresidenteibanez.cl\/web\/wp-json\/wp\/v2\/categories?post=54886"},{"taxonomy":"post_tag","embeddable":true,"href":"https:\/\/www.radiopresidenteibanez.cl\/web\/wp-json\/wp\/v2\/tags?post=54886"}],"curies":[{"name":"wp","href":"https:\/\/api.w.org\/{rel}","templated":true}]}}