{"id":54877,"date":"2025-03-11T09:13:00","date_gmt":"2025-03-11T12:13:00","guid":{"rendered":"https:\/\/www.radiopresidenteibanez.cl\/web\/?p=54877"},"modified":"2025-03-11T08:15:47","modified_gmt":"2025-03-11T11:15:47","slug":"consejo-aprueba-recursos-para-el-mejoramiento-del-barrio-juan-pablo-ii","status":"publish","type":"post","link":"https:\/\/www.radiopresidenteibanez.cl\/web\/consejo-aprueba-recursos-para-el-mejoramiento-del-barrio-juan-pablo-ii\/","title":{"rendered":"Consejo aprueba recursos para el mejoramiento del Barrio Juan Pablo II"},"content":{"rendered":"\n<p>En la Sesi\u00f3n Ordinaria N\u00b07 del Consejo Regional realizada este martes, se<br>aprob\u00f3 el financiamiento para la ejecuci\u00f3n del proyecto de mejoramiento del<br>Barrio Juan Pablo II en Punta Arenas, una iniciativa largamente esperada por<br>los vecinos y que busca mejorar la infraestructura y la calidad de vida en el sector.<br>El proyecto contempla una inversi\u00f3n de $675.901.000, de los cuales $556.565.000<br>provienen de financiamiento sectorial, y tiene como objetivo abordar brechas<br>urbanas y de seguridad que han afectado hist\u00f3ricamente a la comunidad. Entre<br>las intervenciones que se llevar\u00e1n a cabo se encuentran la ampliaci\u00f3n y<br>mejoramiento de la sede comunitaria, as\u00ed como la rehabilitaci\u00f3n de las<br>circulaciones peatonales en la Avenida Cardenal Samor\u00e9.<br>El Consejero Juan Morano destac\u00f3 la importancia de la aprobaci\u00f3n para dar<br>respuesta a una demanda ciudadana que ha sido postergada por a\u00f1os: \u201cMuy<br>contento porque tuvimos la exposici\u00f3n de los vecinos esta ma\u00f1ana, fue muy dura,<br>pero necesaria. Este proyecto comenz\u00f3 antes de la pandemia y ha sufrido<br>retrasos, pero hoy logramos avanzar en su construcci\u00f3n, que tomar\u00e1 un a\u00f1o y<br>fracci\u00f3n. Espero que, a futuro, la comunidad siempre pueda participar y ser<br>escuchada cuando se debaten iniciativas que los afectan directamente\u00bb, enfatiz\u00f3.<br>Por su parte, la consejera Roxana Gallardo expres\u00f3 su preocupaci\u00f3n por la<br>demora en la concreci\u00f3n del proyecto, se\u00f1alando que, si bien su aprobaci\u00f3n es<br>necesaria, los retrasos han generado malestar en la comunidad. \u00abEs un tema<br>relevante para la gente del sector, pero llevan tres a\u00f1os esperando la mejora de su<br>Junta de Vecinos. Nunca tendr\u00e1 el mismo impacto que si se hubiera hecho en los<br>tiempos adecuados. Me preocupa que en los consejos nos demos muchas vueltas<br>en los mismos temas y no avancemos con mayor eficiencia en las soluciones que<br>realmente benefician a la comunidad\u00bb, sostuvo.<\/p>\n","protected":false},"excerpt":{"rendered":"<p>En la Sesi\u00f3n Ordinaria N\u00b07 del Consejo Regional realizada este martes, seaprob\u00f3 el financiamiento para la ejecuci\u00f3n del proyecto de mejoramiento delBarrio Juan Pablo II en Punta Arenas, una iniciativa&#8230; <a class=\"read-more\" href=\"https:\/\/www.radiopresidenteibanez.cl\/web\/consejo-aprueba-recursos-para-el-mejoramiento-del-barrio-juan-pablo-ii\/\">Leer m\u00e1s<\/a><\/p>\n","protected":false},"author":2,"featured_media":54878,"comment_status":"closed","ping_status":"closed","sticky":false,"template":"","format":"standard","meta":{"footnotes":""},"categories":[1],"tags":[],"class_list":["post-54877","post","type-post","status-publish","format-standard","has-post-thumbnail","hentry","category-cronica"],"_links":{"self":[{"href":"https:\/\/www.radiopresidenteibanez.cl\/web\/wp-json\/wp\/v2\/posts\/54877","targetHints":{"allow":["GET"]}}],"collection":[{"href":"https:\/\/www.radiopresidenteibanez.cl\/web\/wp-json\/wp\/v2\/posts"}],"about":[{"href":"https:\/\/www.radiopresidenteibanez.cl\/web\/wp-json\/wp\/v2\/types\/post"}],"author":[{"embeddable":true,"href":"https:\/\/www.radiopresidenteibanez.cl\/web\/wp-json\/wp\/v2\/users\/2"}],"replies":[{"embeddable":true,"href":"https:\/\/www.radiopresidenteibanez.cl\/web\/wp-json\/wp\/v2\/comments?post=54877"}],"version-history":[{"count":0,"href":"https:\/\/www.radiopresidenteibanez.cl\/web\/wp-json\/wp\/v2\/posts\/54877\/revisions"}],"wp:featuredmedia":[{"embeddable":true,"href":"https:\/\/www.radiopresidenteibanez.cl\/web\/wp-json\/wp\/v2\/media\/54878"}],"wp:attachment":[{"href":"https:\/\/www.radiopresidenteibanez.cl\/web\/wp-json\/wp\/v2\/media?parent=54877"}],"wp:term":[{"taxonomy":"category","embeddable":true,"href":"https:\/\/www.radiopresidenteibanez.cl\/web\/wp-json\/wp\/v2\/categories?post=54877"},{"taxonomy":"post_tag","embeddable":true,"href":"https:\/\/www.radiopresidenteibanez.cl\/web\/wp-json\/wp\/v2\/tags?post=54877"}],"curies":[{"name":"wp","href":"https:\/\/api.w.org\/{rel}","templated":true}]}}