{"id":54874,"date":"2025-03-11T08:08:48","date_gmt":"2025-03-11T11:08:48","guid":{"rendered":"https:\/\/www.radiopresidenteibanez.cl\/web\/?p=54874"},"modified":"2025-03-11T08:08:54","modified_gmt":"2025-03-11T11:08:54","slug":"boletin-informativo-matinal-orbe-64","status":"publish","type":"post","link":"https:\/\/www.radiopresidenteibanez.cl\/web\/boletin-informativo-matinal-orbe-64\/","title":{"rendered":"Boletin Informativo Matinal ORBE"},"content":{"rendered":"\n<p>SANTIAGO.- El equipo del Presidente Gabriel Boric inform\u00f3 que<br>el Mandatario acept\u00f3 la renuncia de la ministra de Defensa<br>Nacional, Maya Fern\u00e1ndez Allende. Del mismo modo, en un<br>comunicado, se inform\u00f3 que en su lugar, se defini\u00f3 el<br>nombramiento de la exministra de Educaci\u00f3n, Adriana Delpiano<br>Puelma.<\/p>\n\n\n\n<p>SANTIAGO.- Adem\u00e1s, en la misiva se inform\u00f3 que el Mandatario<br>nombr\u00f3 como ministra de la Secretar\u00eda General de la<br>Presidencia a Macarena Lobos Palacios y como subsecretario de<br>la Secretar\u00eda General de la Presidencia a Nicol\u00e1s Facuse<br>V\u00e1squez.<\/p>\n\n\n\n<p>SANTIAGO.- La ex ministra de Defensa, Maya Fern\u00e1ndez,<br>agradeci\u00f3 al Presidente Gabriel Boric por \u00abla confianza<br>depositada en m\u00ed durante estos tres a\u00f1os. Dejo mi cargo con<br>la tranquilidad de haber actuado siempre con lealtad y apego<br>estricto a la Constituci\u00f3n y la ley\u00bb. Esto, tras renunciar a<br>la cartera a dos meses de que estallara la pol\u00e9mica por la<br>compra de la casa de Salvador Allende, abuelo de Fern\u00e1ndez,<br>quui\u00e9n era due\u00f1a de parte de propiedad que ser\u00eda adquirida<br>por el Estado.<\/p>\n\n\n\n<p>SANTIAGO.- Fern\u00e1ndez a\u00f1adi\u00f3 \u00abmi agradecimiento a los<br>comandantes en jefe de las Fuerzas Armadas, a las y los<br>funcionarios del Ministerio de Defensa Nacional y,<br>especialmente, a todos los efectivos militares, hombres y<br>mujeres de enorme vocaci\u00f3n, que protegen a nuestro pa\u00eds y a<br>sus ciudadanos\u00bb, concluy\u00f3.<\/p>\n\n\n\n<p>SANTIAGO.- En tanto, Presidencia inform\u00f3 que Miguel Crispi<br>dej\u00f3 su cargo como jefe de asesores del Presidente Gabriel<br>Boric. En su reemplazo asume Felipe Melo Rivara, quien es<br>ingeniero civil industrial de la Universidad de Chile y MSc<br>in Public Management and Governance de The London School of<br>Economics and Political Science. Ocup\u00f3 el cargo de director<br>del Servicio Civil hasta marzo de 2025.<\/p>\n\n\n\n<p>SANTIAGO.- Adem\u00e1s, ocup\u00f3 el cargo de director del Servicio<br>Civil hasta marzo de 2025. Crispi fue duramente criticado<br>desde un inicio en este cargo. Caso Convenios y ahora \u00faltimo<br>el caso del ex subsecretario Monsalve lo ten\u00edan en la cuerda<br>floja.<\/p>\n\n\n\n<p>SANTIAGO.- La vocera subrogante de Gobierno, Ais\u00e9n<br>Etcheverry, confirm\u00f3 que las salidas de la ministra de<br>Defensa, Maya Fern\u00e1ndez, y del jefe de asesores de<br>Presidencia, Miguel Crispi, corresponden a renuncias<br>voluntarias. \u00abEstos cambios apuntan a seguir reforzando el<br>equipo de gobierno con miras a un \u00faltimo a\u00f1o, este 25 por<br>ciento que nos quedan, donde asumen personas con grandes<br>competencias para impulsar el camino trazado el Presidente y<br>donde queremos seguir trabajando d\u00eda a d\u00eda por el beneficio<br>de la ciudadan\u00eda\u00bb, sostuvo.<\/p>\n\n\n\n<p>SANTIAGO.- En esa l\u00ednea, Etcheverry aclar\u00f3 que \u00abla ministra<br>Fern\u00e1ndez present\u00f3 ella su renuncia, como resultado de una<br>evaluaci\u00f3n que es personal y propia de ella. Yo tuve la<br>oportunidad de conversar con ella unos minutos y est\u00e1<br>enfocada en preparar su defensa en las distintas instancias<br>que hoy d\u00eda corren y es por eso que de manera muy responsable<br>decide dar un paso al costado\u00bb, detall\u00f3.<\/p>\n","protected":false},"excerpt":{"rendered":"<p>SANTIAGO.- El equipo del Presidente Gabriel Boric inform\u00f3 queel Mandatario acept\u00f3 la renuncia de la ministra de DefensaNacional, Maya Fern\u00e1ndez Allende. Del mismo modo, en uncomunicado, se inform\u00f3 que en&#8230; <a class=\"read-more\" href=\"https:\/\/www.radiopresidenteibanez.cl\/web\/boletin-informativo-matinal-orbe-64\/\">Leer m\u00e1s<\/a><\/p>\n","protected":false},"author":2,"featured_media":54875,"comment_status":"closed","ping_status":"closed","sticky":false,"template":"","format":"standard","meta":{"footnotes":""},"categories":[1],"tags":[],"class_list":["post-54874","post","type-post","status-publish","format-standard","has-post-thumbnail","hentry","category-cronica"],"_links":{"self":[{"href":"https:\/\/www.radiopresidenteibanez.cl\/web\/wp-json\/wp\/v2\/posts\/54874","targetHints":{"allow":["GET"]}}],"collection":[{"href":"https:\/\/www.radiopresidenteibanez.cl\/web\/wp-json\/wp\/v2\/posts"}],"about":[{"href":"https:\/\/www.radiopresidenteibanez.cl\/web\/wp-json\/wp\/v2\/types\/post"}],"author":[{"embeddable":true,"href":"https:\/\/www.radiopresidenteibanez.cl\/web\/wp-json\/wp\/v2\/users\/2"}],"replies":[{"embeddable":true,"href":"https:\/\/www.radiopresidenteibanez.cl\/web\/wp-json\/wp\/v2\/comments?post=54874"}],"version-history":[{"count":0,"href":"https:\/\/www.radiopresidenteibanez.cl\/web\/wp-json\/wp\/v2\/posts\/54874\/revisions"}],"wp:featuredmedia":[{"embeddable":true,"href":"https:\/\/www.radiopresidenteibanez.cl\/web\/wp-json\/wp\/v2\/media\/54875"}],"wp:attachment":[{"href":"https:\/\/www.radiopresidenteibanez.cl\/web\/wp-json\/wp\/v2\/media?parent=54874"}],"wp:term":[{"taxonomy":"category","embeddable":true,"href":"https:\/\/www.radiopresidenteibanez.cl\/web\/wp-json\/wp\/v2\/categories?post=54874"},{"taxonomy":"post_tag","embeddable":true,"href":"https:\/\/www.radiopresidenteibanez.cl\/web\/wp-json\/wp\/v2\/tags?post=54874"}],"curies":[{"name":"wp","href":"https:\/\/api.w.org\/{rel}","templated":true}]}}