{"id":5487,"date":"2019-07-02T15:15:00","date_gmt":"2019-07-02T15:15:00","guid":{"rendered":"http:\/\/www.radiopresidenteibanez.cl\/web\/?p=5487"},"modified":"2019-07-02T15:15:21","modified_gmt":"2019-07-02T15:15:21","slug":"consejo-regional-tomara-acciones-frente-a-inminente-privatizacion-del-eleam","status":"publish","type":"post","link":"https:\/\/www.radiopresidenteibanez.cl\/web\/consejo-regional-tomara-acciones-frente-a-inminente-privatizacion-del-eleam\/","title":{"rendered":"CONSEJO REGIONAL TOMAR\u00c1 ACCIONES FRENTE A INMINENTE PRIVATIZACI\u00d3N DEL ELEAM"},"content":{"rendered":"\n<p>Durante la reciente sesi\u00f3n del Consejo Regional, realizada\neste lunes (1 de julio), los integrantes del pleno realizaron un\npronunciamiento frente a la situaci\u00f3n que est\u00e1 atravesando el Establecimiento\nde Larga Estad\u00eda del Adulto Mayor (Eleam), cuya privatizaci\u00f3n ser\u00eda inminente.<\/p>\n\n\n\n<p>\u201cEs un organismo que ha tenido un excelente funcionamiento\nde apoyo y resguardo a adultos mayores de nuestra regi\u00f3n, siendo \u00e9ste un\nejemplo respecto a otros Eleam que est\u00e1n funcionando en el resto del pa\u00eds.\nNosotros no entendemos por qu\u00e9 se llama a una licitaci\u00f3n p\u00fablica, o para que\nparticipen privados en esta materia, entendiendo que es un rol que est\u00e1\ncumpliendo muy bien el Servicio de Salud y que dicho sea de paso, adem\u00e1s, aqu\u00ed\nel organismo que corresponde que lidere este tema, es el Senama\u201d, afirm\u00f3 el\npresidente del Consejo Regional, Tolentino Soto, agregando que a nivel\nregional, no les ha sido posible reunirse con la directora regional de dicho\norganismo.<\/p>\n\n\n\n<p>Solicit\u00f3 que se tome en consideraci\u00f3n que casi el 50% de los\npacientes que se atienden en este Eleam, provienen de un centro geri\u00e1trico con\nel cual hoy no se cuenta en Magallanes, desde que se cerr\u00f3 el Hospital\nMiraflores.<\/p>\n\n\n\n<p>En este contexto, realiz\u00f3 un llamado a las autoridades a\naplicar el criterio en esta materia, ya que el discurso central del Gobierno ha\nsido que el adulto mayor hoy tiene prioridad respecto a otros grupos etarios\ndel pa\u00eds y ese discurso debe verse reflejado en la decisi\u00f3n que se tome. <\/p>\n\n\n\n<p>\u201cEstamos pr\u00f3ximos a viajar a Santiago, la pr\u00f3xima semana ya,\npara la discusi\u00f3n del anteproyecto de inversi\u00f3n regional, donde esperamos poder\nconseguir una audiencia y conversar con la directora nacional del Senama, para\npoder plantearle esta inquietud que es bastante preocupante\u201d, expres\u00f3 Soto\nEspa\u00f1a. <\/p>\n\n\n\n<p>Durante la sesi\u00f3n, los integrantes del pleno acordaron por\nunanimidad, enviar un oficio al intendente de Magallanes, Jos\u00e9 Fern\u00e1ndez, donde\nsolicitan que interceda en el tema. \u201cDesde el punto de vista legal, es\nperfectamente posible que el intendente pueda ordenar la continuidad del\nServicio de Salud en esto, y no llamar a una licitaci\u00f3n p\u00fablica que en nada va\na mejorar la cantidad ni la calidad. Adem\u00e1s, dejar en antecedente que toda la\ninfraestructura que tiene hoy el Eleam, ha sido financiado con recursos\nregionales\u201d, puntualiz\u00f3 el representante del Cuerpo Colegiado.<\/p>\n\n\n\n<p>Finalmente, Soto Espa\u00f1a manifest\u00f3 que \u201clo que molesta, en este sentido, es que siendo \u00e9ste un organismo que ha tenido respuesta por parte de la regi\u00f3n, porque se han puesto recursos propios para poder construir esto, desde Santiago venga una orden diciendo \u2018No obstante ustedes construyeron, ustedes pusieron los recursos, lo que vamos a hacer ahora es, nosotros, determinar qui\u00e9nes quedan\u2019\u201d.<\/p>\n\n\n\n<figure class=\"wp-block-image\"><img loading=\"lazy\" decoding=\"async\" width=\"900\" height=\"599\" src=\"https:\/\/www.radiopresidenteibanez.cl\/web\/wp-content\/uploads\/2019\/07\/2019-07-01-Core-Eleam-1.jpg\" alt=\"\" class=\"wp-image-5488\" srcset=\"https:\/\/www.radiopresidenteibanez.cl\/web\/wp-content\/uploads\/2019\/07\/2019-07-01-Core-Eleam-1.jpg 900w, https:\/\/www.radiopresidenteibanez.cl\/web\/wp-content\/uploads\/2019\/07\/2019-07-01-Core-Eleam-1-300x200.jpg 300w, https:\/\/www.radiopresidenteibanez.cl\/web\/wp-content\/uploads\/2019\/07\/2019-07-01-Core-Eleam-1-768x511.jpg 768w\" sizes=\"auto, (max-width: 900px) 100vw, 900px\" \/><\/figure>\n","protected":false},"excerpt":{"rendered":"<p>Durante la reciente sesi\u00f3n del Consejo Regional, realizada este lunes (1 de julio), los integrantes del pleno realizaron un pronunciamiento frente a la situaci\u00f3n que est\u00e1 atravesando el Establecimiento de&#8230; <a class=\"read-more\" href=\"https:\/\/www.radiopresidenteibanez.cl\/web\/consejo-regional-tomara-acciones-frente-a-inminente-privatizacion-del-eleam\/\">Leer m\u00e1s<\/a><\/p>\n","protected":false},"author":2,"featured_media":5488,"comment_status":"closed","ping_status":"closed","sticky":false,"template":"","format":"standard","meta":{"footnotes":""},"categories":[1],"tags":[],"class_list":["post-5487","post","type-post","status-publish","format-standard","has-post-thumbnail","hentry","category-cronica"],"_links":{"self":[{"href":"https:\/\/www.radiopresidenteibanez.cl\/web\/wp-json\/wp\/v2\/posts\/5487","targetHints":{"allow":["GET"]}}],"collection":[{"href":"https:\/\/www.radiopresidenteibanez.cl\/web\/wp-json\/wp\/v2\/posts"}],"about":[{"href":"https:\/\/www.radiopresidenteibanez.cl\/web\/wp-json\/wp\/v2\/types\/post"}],"author":[{"embeddable":true,"href":"https:\/\/www.radiopresidenteibanez.cl\/web\/wp-json\/wp\/v2\/users\/2"}],"replies":[{"embeddable":true,"href":"https:\/\/www.radiopresidenteibanez.cl\/web\/wp-json\/wp\/v2\/comments?post=5487"}],"version-history":[{"count":0,"href":"https:\/\/www.radiopresidenteibanez.cl\/web\/wp-json\/wp\/v2\/posts\/5487\/revisions"}],"wp:featuredmedia":[{"embeddable":true,"href":"https:\/\/www.radiopresidenteibanez.cl\/web\/wp-json\/wp\/v2\/media\/5488"}],"wp:attachment":[{"href":"https:\/\/www.radiopresidenteibanez.cl\/web\/wp-json\/wp\/v2\/media?parent=5487"}],"wp:term":[{"taxonomy":"category","embeddable":true,"href":"https:\/\/www.radiopresidenteibanez.cl\/web\/wp-json\/wp\/v2\/categories?post=5487"},{"taxonomy":"post_tag","embeddable":true,"href":"https:\/\/www.radiopresidenteibanez.cl\/web\/wp-json\/wp\/v2\/tags?post=5487"}],"curies":[{"name":"wp","href":"https:\/\/api.w.org\/{rel}","templated":true}]}}