{"id":54863,"date":"2025-03-10T15:41:00","date_gmt":"2025-03-10T18:41:00","guid":{"rendered":"https:\/\/www.radiopresidenteibanez.cl\/web\/?p=54863"},"modified":"2025-03-10T15:23:22","modified_gmt":"2025-03-10T18:23:22","slug":"gran-convocatoria-en-la-feria-de-prevencion-yautocuidado-mujer-hazlo-por-ti","status":"publish","type":"post","link":"https:\/\/www.radiopresidenteibanez.cl\/web\/gran-convocatoria-en-la-feria-de-prevencion-yautocuidado-mujer-hazlo-por-ti\/","title":{"rendered":"Gran convocatoria en la Feria de prevenci\u00f3n yautocuidado, \u201cMujer, Hazlo por ti\u201d"},"content":{"rendered":"\n<p>Con una gran participaci\u00f3n de mujeres de todas las edades,<br>desde el viernes pasado, se desarrolla en Zona Austral la feria \u201cMujer, Hazlo por ti\u201d, una iniciativa<br>organizada por la Divisi\u00f3n de Organizaciones Sociales de la Segegob en alianza con diversas<br>instituciones p\u00fablicas y privadas. El evento, enmarcado en la conmemoraci\u00f3n del 8 de marzo,<br>busca visibilizar el rol de la mujer, fomentar el autocuidado y generar espacios de reflexi\u00f3n a<br>trav\u00e9s de un completo programa de actividades.<br>Durante toda la semana, hasta el viernes 14, la feria estar\u00e1 ofreciendo atenciones m\u00e9dicas,<br>exposiciones, charlas, muestras art\u00edsticas, talleres, di\u00e1logos y mesas informativas. Entre las<br>instituciones participantes se encuentran la Seremi de la Mujer, Sernameg, el Servicio de Salud, el<br>Instituto de Seguridad del Trabajo y Zona Austral, quienes han trabajado en conjunto para<br>entregar servicios y actividades enfocadas en el bienestar de las mujeres.<br>El Seremi de Gobierno, Andro Mimica, destac\u00f3 la importancia de esta iniciativa: \u201cA trav\u00e9s de esta<br>alianza p\u00fablico-privada hemos generado un espacio no s\u00f3lo para emprendedoras y servicios, sino<br>tambi\u00e9n para la reflexi\u00f3n y el autocuidado. Queremos que las mujeres de Punta Arenas y de toda<br>la regi\u00f3n se acerquen a participar de las actividades gratuitas, desde talleres hasta atenciones<br>m\u00e9dicas como mamograf\u00edas y vacunaci\u00f3n\u201d.<br>Por su parte, Pamela Mu\u00f1oz, gerente zonal del Instituto de Seguridad del Trabajo (IST), enfatiz\u00f3 el<br>impacto positivo de la feria: \u201cEs una iniciativa muy bonita, donde unimos esfuerzos para ofrecer<br>ex\u00e1menes m\u00e9dicos preventivos, vacunaci\u00f3n y chequeos ginecol\u00f3gicos. La salud de las mujeres es<br>una prioridad y queremos que todas aprovechen esta oportunidad de autocuidado\u201d.<br>Desde el Servicio de Salud Magallanes, Patricia C\u00e1rdenas, matrona referente del programa de<br>Salud Sexual y Reproductiva, reforz\u00f3 el llamado a la prevenci\u00f3n: \u201cEstamos promoviendo la salud<br>sexual y reproductiva de las mujeres, con un stand informativo y la presencia del mam\u00f3grafo m\u00f3vil<br>y la cl\u00ednica de toma de PAP. Queremos que cada mujer pueda acceder a sus controles y chequeos<br>de manera oportuna\u201d.<\/p>\n\n\n\n<p>Finalmente, Cristina Salom\u00f3n, encargada de Marketing de Zona Austral, subray\u00f3 el prop\u00f3sito<br>central de la feria: \u201cEstamos felices con esta gran campa\u00f1a. Nuestro foco principal es concientizar<br>sobre la importancia del autocuidado en todos los \u00e1mbitos. Desde el emprendimiento hasta la<br>salud, queremos que cada mujer se tome un tiempo para s\u00ed misma y participe en esta semana de<br>actividades pensadas para ellas\u201d.<br>La invitaci\u00f3n sigue abierta para todas las mujeres de Punta Arenas. La feria \u201cMujer, Hazlo por ti\u201d<br>continuar\u00e1 desarroll\u00e1ndose en Zona Austral con una programaci\u00f3n diversa y gratuita. \u00a1Porque<br>prevenir es cuidarse, no dejes pasar esta oportunidad!<\/p>\n","protected":false},"excerpt":{"rendered":"<p>Con una gran participaci\u00f3n de mujeres de todas las edades,desde el viernes pasado, se desarrolla en Zona Austral la feria \u201cMujer, Hazlo por ti\u201d, una iniciativaorganizada por la Divisi\u00f3n de&#8230; <a class=\"read-more\" href=\"https:\/\/www.radiopresidenteibanez.cl\/web\/gran-convocatoria-en-la-feria-de-prevencion-yautocuidado-mujer-hazlo-por-ti\/\">Leer m\u00e1s<\/a><\/p>\n","protected":false},"author":2,"featured_media":54864,"comment_status":"closed","ping_status":"closed","sticky":false,"template":"","format":"standard","meta":{"footnotes":""},"categories":[1],"tags":[],"class_list":["post-54863","post","type-post","status-publish","format-standard","has-post-thumbnail","hentry","category-cronica"],"_links":{"self":[{"href":"https:\/\/www.radiopresidenteibanez.cl\/web\/wp-json\/wp\/v2\/posts\/54863","targetHints":{"allow":["GET"]}}],"collection":[{"href":"https:\/\/www.radiopresidenteibanez.cl\/web\/wp-json\/wp\/v2\/posts"}],"about":[{"href":"https:\/\/www.radiopresidenteibanez.cl\/web\/wp-json\/wp\/v2\/types\/post"}],"author":[{"embeddable":true,"href":"https:\/\/www.radiopresidenteibanez.cl\/web\/wp-json\/wp\/v2\/users\/2"}],"replies":[{"embeddable":true,"href":"https:\/\/www.radiopresidenteibanez.cl\/web\/wp-json\/wp\/v2\/comments?post=54863"}],"version-history":[{"count":0,"href":"https:\/\/www.radiopresidenteibanez.cl\/web\/wp-json\/wp\/v2\/posts\/54863\/revisions"}],"wp:featuredmedia":[{"embeddable":true,"href":"https:\/\/www.radiopresidenteibanez.cl\/web\/wp-json\/wp\/v2\/media\/54864"}],"wp:attachment":[{"href":"https:\/\/www.radiopresidenteibanez.cl\/web\/wp-json\/wp\/v2\/media?parent=54863"}],"wp:term":[{"taxonomy":"category","embeddable":true,"href":"https:\/\/www.radiopresidenteibanez.cl\/web\/wp-json\/wp\/v2\/categories?post=54863"},{"taxonomy":"post_tag","embeddable":true,"href":"https:\/\/www.radiopresidenteibanez.cl\/web\/wp-json\/wp\/v2\/tags?post=54863"}],"curies":[{"name":"wp","href":"https:\/\/api.w.org\/{rel}","templated":true}]}}