{"id":54860,"date":"2025-03-10T14:21:00","date_gmt":"2025-03-10T17:21:00","guid":{"rendered":"https:\/\/www.radiopresidenteibanez.cl\/web\/?p=54860"},"modified":"2025-03-10T11:49:15","modified_gmt":"2025-03-10T14:49:15","slug":"pioneras-de-la-palabra-las-mujeres-que-forjaron-el-periodismo-en-magallanes","status":"publish","type":"post","link":"https:\/\/www.radiopresidenteibanez.cl\/web\/pioneras-de-la-palabra-las-mujeres-que-forjaron-el-periodismo-en-magallanes\/","title":{"rendered":"Pioneras de la palabra: las mujeres que forjaron el periodismo en Magallanes"},"content":{"rendered":"\n<p>Como una forma de conocer qui\u00e9nes son los<br>primeros inscritos en el Colegio de Periodista de Magallanes, he revisado las actas<br>desde su fundaci\u00f3n en 1972 hasta agosto de 1984. R\u00e1pidamente, me doy cuenta de<br>que casi no hay mujeres. En esos 12 a\u00f1os de historia aparece uno que otro nombre de<br>alguna de las primeras profesionales del periodismo de esta parte del planeta. Casi<br>por casualidad, muy entre l\u00edneas entre las obras y el quehacer de los hombres del<br>periodismo de la \u00e9poca.<br>La sociedad magall\u00e1nica de fines del siglo XIX y principios del XX era un crisol de<br>culturas, con una fuerte presencia de inmigrantes europeos y una poblaci\u00f3n local en<br>desarrollo. En este contexto, los roles de g\u00e9nero estaban fuertemente definidos: se<br>esperaba que las mujeres se dedicaran principalmente al \u00e1mbito dom\u00e9stico, al<br>cuidado de la familia y a las labores del hogar. Basta con revisar la publicidad de los<br>diarios locales, para dar cuenta de aquello. Los roles estaban muy estereotipados.<br>Desde que en 1949 se concedi\u00f3 el derecho a voto a las mujeres para las elecciones<br>presidenciales en Chile, ellas se atrevieron cada vez m\u00e1s a desempe\u00f1ar roles<br>p\u00fablicos, como el periodismo, enfrentando los mismos grandes desaf\u00edos en casi<br>todos los campos del conocimiento. En esos tiempos, la sociedad chilena no estaba<br>acostumbrada a verlas en estos roles, y exist\u00edan prejuicios sobre su capacidad<br>intelectual y su idoneidad para el trabajo period\u00edstico.<br>Dentro de las primeras a nivel nacional, es imprescindible mencionar a Lenka<br>Franulic, considerada la primera mujer del pa\u00eds en desempe\u00f1ar esta profesi\u00f3n y una<br>de las fundadoras de la primera escuela de periodismo. Mar\u00eda Pilar Larra\u00edn, primera<br>directora de la emblem\u00e1tica revista Ritmo en 1965; y Mar\u00eda Romero Cordero,<br>directora de la revista \u201cEcran\u201d entre los a\u00f1os 1939 y 1960, considerada como una de<br>las pioneras en el periodismo cinematogr\u00e1fico, y de espect\u00e1culos en Chile y<br>Latinoam\u00e9rica.<br>Por su parte, las primeras mujeres profesionales que incursionaron en el periodismo<br>magall\u00e1nico, tambi\u00e9n debieron superar numerosos obst\u00e1culos, como la falta de<br>oportunidades, la discriminaci\u00f3n y la resistencia de sus colegas masculinos. Sin<br>embargo, su valent\u00eda y determinaci\u00f3n abrieron el camino para las futuras<br>generaciones.<\/p>\n\n\n\n<p>Mujeres y el oficio del periodismo<br>La relaci\u00f3n entre la literatura y el oficio del periodismo han marcado la trayectoria de<br>la profesi\u00f3n. Una investigaci\u00f3n sobre escritoras magall\u00e1nicas, denominada \u201cLa Letra<br>Escondida: mujeres creadoras en los archivos de la sociedad de escritores del<br>Museo Regional de Magallanes\u201d, de los autores V\u00edctor Hern\u00e1ndez y P\u00eda R\u00edos<br>Rimenschneider, da cuenta de poetisas que aportaron al desarrollo de los medios de<br>comunicaci\u00f3n a nivel regional.<br>Una de ellas es Rosa de Amarante, cuyo nombre de pila era Rosa Miranda Tijeras.<br>Durante la d\u00e9cada del \u201820, escribi\u00f3 para el peri\u00f3dico feminista \u201cNosotras\u201d, que se<br>editaba en Valpara\u00edso; art\u00edculos que hablaban de la emancipaci\u00f3n femenina y de la<br>cuesti\u00f3n social. Trabaj\u00f3 como cajista, encargada de ordenar los tipos en las antiguas<br>imprentas, en el vespertino \u201cEl Magallanes\u201d, siendo redactora del peri\u00f3dico obrero \u201cEl<br>Trabajo\u201d y colaboradora de \u201cRevista Austral\u201d, \u201cRevista Men\u00e9ndez Behety\u201d y otras<br>publicaciones.<br>Igualmente, encontramos a Mar\u00eda Magdalena Bargetto Orellana, quien sigui\u00f3 cursos<br>libres de periodismo en la Universidad de Chile, destacando como cr\u00edtica y<br>comentarista de arte, lo que le permiti\u00f3 recorrer numerosos pa\u00edses. Entre los a\u00f1os<br>\u201850 y \u201860, escribi\u00f3 numerosas cr\u00f3nicas que fueron publicadas en los diarios \u201cLa<br>Prensa Austral\u201d y \u201cEl Magallanes\u201d de Punta Arenas; y fue cofundadora del diario<br>cultural \u201cV\u00e9rtice\u201d, en la ciudad de Concepci\u00f3n.<\/p>\n\n\n\n<p>Las pioneras y profesionales<br>Es limitada la informaci\u00f3n espec\u00edfica sobre las primeras mujeres periodistas en<br>Magallanes. Sus contribuciones no est\u00e1n ampliamente documentadas. Dentro de lo<br>poco que se conoce de estas pioneras, encontramos en el libro de actas del Consejo<br>Regional del Colegio de Periodistas de Chile. La primera en ser nombrada, en abril de<br>1974, es la magall\u00e1nica Patricia Stambuk Mayorga, solicitando la autorizaci\u00f3n para<br>realizar su pr\u00e1ctica profesional en este campo de las comunicaciones.<br>Tras estos primeros pasos, trabaj\u00f3 como periodista en \u201cLa Prensa Austral\u201d, \u201cEl<br>Magallanes\u201d, las radios Polar y Constelaci\u00f3n, y en la Red Austral de TVN. Adem\u00e1s, fue<br>directora de Radio Presidente Ib\u00e1\u00f1ez, y una de las ocho mujeres que han recibido el<br>Premio Nacional de Periodismo, desde que fue instaurado en 1954.<br>Al respecto, Stambuk reflexiona \u201cel espacio para las mujeres periodistas ya estaba<br>abierto en Chile, con tres o cuatro generaciones de egresadas antes que la m\u00eda. La<br>huella la hab\u00eda iniciado Lenka Franulic en los a\u00f1os 50, justo cuando se funda la<br>primera escuela de Periodismo en el pa\u00eds, en la Universidad de Chile\u201d.<br>La tambi\u00e9n escritora a\u00f1ade que \u201cel reto fue terminar de liberarnos de la limitaci\u00f3n de<br>los temas femeninos que se asignaba a las mujeres en los medios, como una<br>predestinaci\u00f3n natural, y entrar de lleno en cualquier lugar de la agenda, sin<\/p>\n\n\n\n<p>importar si \u00e9ramos hombres o mujeres. Varias destacadas entrevistadoras pol\u00edticas<br>contribuyeron en las d\u00e9cadas del 60 y 70 a reafirmar que las capacidades, los<br>talentos, no depend\u00edan del sexo\u201d.<br>Explica que, en Magallanes, la labor de las mujeres periodistas a menudo ha pasado<br>inadvertida, ya que a\u00fan no han alcanzado posiciones directivas en los medios ni<br>instituciones al mismo nivel que los hombres. A pesar de esto, su trabajo es<br>fundamental para visibilizar la realidad de la regi\u00f3n y construir la memoria colectiva.<br>Las p\u00e1ginas de las actas del Consejo Regional son un tesoro para la investigaci\u00f3n del<br>desarrollo de la profesi\u00f3n con perspectiva de g\u00e9nero. Gracias a este registro,<br>encontramos las figuras de Ana Mar\u00eda Podest\u00e1, Raquel Azocar, Ana Rosa Vidal, Helga<br>Villagr\u00e1n, Pur\u00edsima L\u00f3pez Blanco y Guillermina Galaz Tapia. Solo est\u00e1n sus nombres,<br>sin descripci\u00f3n de su quehacer y lugar de trabajo. As\u00ed, no ha sido f\u00e1cil escribir este<br>reportaje, tal como dice Patricia Stambuck, \u201crescatar y visibilizar la historia de las<br>mujeres periodistas en Magallanes debe ser como un acto de justicia y<br>reconocimiento a su contribuci\u00f3n a la comunidad, resaltando que su profesi\u00f3n se<br>caracteriza por la generosidad y el compromiso social\u201d.<br>Reporteras de la Patagonia<br>In\u00e9s Llamb\u00edas Wolff ha desarrollado una destacada carrera en medios como \u201cLa<br>Prensa Austral\u201d, \u201cLas \u00daltimas Noticias\u201d, \u201cLa Tercera\u201d, los canales 13 y TVN, las radios<br>Portales, Miner\u00eda y Cooperativa, adem\u00e1s de una importante trayectoria como<br>comunicadora de la ciencia.<br>Nos cuenta que lleg\u00f3 a trabajar en 1982 a \u201cLa Prensa Austral\u201d, donde se encontr\u00f3 con<br>Guillermina Galaz. \u201cCon Guillermina \u00e9ramos las \u00fanicas dos periodistas reporteando<br>en la Patagonia\u201d, destaca al recordar las batallas libradas para ganarse el respeto<br>como mujeres periodistas, incluso dentro del propio diario. Un ejemplo de esto fue la<br>pregunta del director de la \u00e9poca, quien asumi\u00f3 que su traslado a Magallanes se<br>deb\u00eda a motivos sentimentales y no profesionales. A pesar de sentirse relegada<br>inicialmente, demostr\u00f3 su capacidad a trav\u00e9s de su trabajo y participaci\u00f3n en la<br>sociedad.<br>En cuanto a los derechos de las mujeres en el periodismo actual, In\u00e9s Llamb\u00edas<br>considera que no se deben hacer diferencias con los hombres. Aboga por la igualdad<br>de beneficios y obligaciones, y por la uni\u00f3n de ambos g\u00e9neros para defender el<br>ejercicio de la profesi\u00f3n. Expresa su molestia ante la intrusi\u00f3n de profesionales de<br>otras \u00e1reas en el periodismo, como actores haciendo reportajes, y defiende que esta<br>labor debe ser exclusiva de los periodistas en ejercicio, tanto en Magallanes como en<br>todo el pa\u00eds.<br>La resistencia cultural<br>Elia Simeone Ruiz ha tenido una trayectoria destacada en el periodismo nacional.<br>Actualmente es jefa de cr\u00f3nica de La Prensa Austral, Past President de la Asociaci\u00f3n<br>Mundial de Mujeres Periodistas y Escritoras; y Directora del Consejo Regional<\/p>\n\n\n\n<p>Magallanes del Colegio de Periodistas de Chile.<br>Respecto de los desaf\u00edos a enfrentar, destaca que \u201cha sido la resistencia<br>sociocultural hacia las mujeres, especialmente las profesionales. Al cubrir procesos<br>electorales y decisiones pol\u00edticas, me he enfrentado a intereses econ\u00f3micos,<br>pol\u00edticos y religiosos. Al no ser complaciente, me han visto como enemiga. Esto<br>refleja la falta de comprensi\u00f3n del rol de la prensa y la libertad de expresi\u00f3n. En<br>Magallanes, la misoginia es evidente, manifest\u00e1ndose en amenazas directas. Ser<br>mujer y madre ha intensificado estas situaciones, mostrando la vulnerabilidad que<br>enfrentamos en este campo\u201d.<br>Asimismo, Simeone es cr\u00edtica respecto a la presencia de la mujer en espacios de<br>poder. \u00abAunque se han abierto m\u00e1s espacios para las mujeres en el periodismo<br>regional, los avances son superficiales. En la toma de decisiones, donde se define<br>qu\u00e9 temas abordar y a qui\u00e9n consultar, las mujeres a\u00fan no tenemos presencia. Esto<br>limita nuestra capacidad para promover la inclusi\u00f3n, la equidad y la paridad. Sin<br>embargo, no debemos desanimarnos. Las escuelas de periodismo tienen un papel<br>crucial en formar profesionales con conciencia social y comprensi\u00f3n del rol del<br>periodismo en la sociedad. Debemos seguir trabajando para lograr un cambio<br>cultural profundo\u201d, concluye.<br>La historia del periodismo en Magallanes, como en tantos otros lugares, ha sido<br>escrita predominantemente por hombres. Sin embargo, tras las sombras, mujeres<br>valientes y talentosas han dejado una huella imborrable. Su lucha por la igualdad y la<br>justicia, han sido pilares fundamentales en la construcci\u00f3n de la memoria colectiva<br>de esta regi\u00f3n. A pesar de los avances, los desaf\u00edos persisten. La resistencia cultural,<br>la misoginia y la falta de representaci\u00f3n en espacios de poder siguen siendo<br>obst\u00e1culos que debemos superar como sociedad. Las escuelas de periodismo tienen<br>un papel crucial en la formaci\u00f3n de profesionales con conciencia social, y debemos<br>seguir trabajando para lograr un cambio cultural profundo.<br>Por eso, en este D\u00eda Internacional de la Mujer, honramos a las pioneras que abrieron<br>el camino y reafirmamos nuestro compromiso de construir un periodismo m\u00e1s<br>inclusivo, equitativo y justo.<\/p>\n\n\n\n<p>Por Loreto Medina Mu\u00f1oz<br>Periodista<br>Circulo de Periodistas Antonio Pigafetta<\/p>\n","protected":false},"excerpt":{"rendered":"<p>Como una forma de conocer qui\u00e9nes son losprimeros inscritos en el Colegio de Periodista de Magallanes, he revisado las actasdesde su fundaci\u00f3n en 1972 hasta agosto de 1984. R\u00e1pidamente, me&#8230; <a class=\"read-more\" href=\"https:\/\/www.radiopresidenteibanez.cl\/web\/pioneras-de-la-palabra-las-mujeres-que-forjaron-el-periodismo-en-magallanes\/\">Leer m\u00e1s<\/a><\/p>\n","protected":false},"author":2,"featured_media":54861,"comment_status":"closed","ping_status":"closed","sticky":false,"template":"","format":"standard","meta":{"footnotes":""},"categories":[1],"tags":[],"class_list":["post-54860","post","type-post","status-publish","format-standard","has-post-thumbnail","hentry","category-cronica"],"_links":{"self":[{"href":"https:\/\/www.radiopresidenteibanez.cl\/web\/wp-json\/wp\/v2\/posts\/54860","targetHints":{"allow":["GET"]}}],"collection":[{"href":"https:\/\/www.radiopresidenteibanez.cl\/web\/wp-json\/wp\/v2\/posts"}],"about":[{"href":"https:\/\/www.radiopresidenteibanez.cl\/web\/wp-json\/wp\/v2\/types\/post"}],"author":[{"embeddable":true,"href":"https:\/\/www.radiopresidenteibanez.cl\/web\/wp-json\/wp\/v2\/users\/2"}],"replies":[{"embeddable":true,"href":"https:\/\/www.radiopresidenteibanez.cl\/web\/wp-json\/wp\/v2\/comments?post=54860"}],"version-history":[{"count":0,"href":"https:\/\/www.radiopresidenteibanez.cl\/web\/wp-json\/wp\/v2\/posts\/54860\/revisions"}],"wp:featuredmedia":[{"embeddable":true,"href":"https:\/\/www.radiopresidenteibanez.cl\/web\/wp-json\/wp\/v2\/media\/54861"}],"wp:attachment":[{"href":"https:\/\/www.radiopresidenteibanez.cl\/web\/wp-json\/wp\/v2\/media?parent=54860"}],"wp:term":[{"taxonomy":"category","embeddable":true,"href":"https:\/\/www.radiopresidenteibanez.cl\/web\/wp-json\/wp\/v2\/categories?post=54860"},{"taxonomy":"post_tag","embeddable":true,"href":"https:\/\/www.radiopresidenteibanez.cl\/web\/wp-json\/wp\/v2\/tags?post=54860"}],"curies":[{"name":"wp","href":"https:\/\/api.w.org\/{rel}","templated":true}]}}