{"id":54854,"date":"2025-03-10T11:39:00","date_gmt":"2025-03-10T14:39:00","guid":{"rendered":"https:\/\/www.radiopresidenteibanez.cl\/web\/?p=54854"},"modified":"2025-03-10T09:47:21","modified_gmt":"2025-03-10T12:47:21","slug":"con-toda-honestidad-y-con-la-mente-fria-renegamos-de-cualquier-patron-cantan-los-prisioneros","status":"publish","type":"post","link":"https:\/\/www.radiopresidenteibanez.cl\/web\/con-toda-honestidad-y-con-la-mente-fria-renegamos-de-cualquier-patron-cantan-los-prisioneros\/","title":{"rendered":"Con toda honestidad y con la mente fr\u00eda renegamos de cualquier patr\u00f3n..\u00bb cantan Los Prisioneros"},"content":{"rendered":"\n<p>&#8211; El tiempo de la dictadura fue duro para todos.<br>Unos m\u00e1s y otros menos, sufrimos diversos problemas y limitaciones a nuestra vida personal y colectiva.<br>Corr\u00eda el verano de 1974 y nuestro peque\u00f1o grupo de amigos del barrio se volv\u00eda a reunir a la sombra de la sede social en la poblaci\u00f3n, despu\u00e9s de meses de miedo y terror, para compartir un litro de vino y un pito de marihuana. Regularmente pasan por la calle principal veh\u00edculos militares y soldados, metralleta en ristre. Ordenan a gritos disolver el grupo pero en cuanto se marchan vuelven a juntarse de nuevo los amigos.<br>Fui uno de esos j\u00f3venes y lo que m\u00e1s nos gustaba era intentar jugar al ajedrez y leer art\u00edculos del Reader Digest. Dolidos y tristes, solo dej\u00e1bamos pasar las horas sin tener claro nuestro futuro.<\/p>\n\n\n\n<p>2.- Fue ah\u00ed que un d\u00eda lleg\u00f3 el Ruben tranquilo, con un pucho entre los dedos.<br>Sab\u00eda de ajedrez as\u00ed es que nos fue interiorizando en el movimiento de las piezas y el dominio de algunas jugadas.<br>Algo de desconfianza hab\u00eda en nosotros al principio, era hijo de milico, pero nos fue ganando con la inteligencia y perseverancia que ten\u00eda de sobra.<br>Se pasaba horas con nosotros, preguntaba c\u00f3mo nos iba en los estudios, se daba tiempo para explicarnos el da\u00f1o del alcohol y la yerba en el cuerpo y nos daba palizas en el ajedrez. Pudimos terminar como muchos en el barrio, pero el Ruben nos fue guiando con astucia militante y logr\u00f3 sacar a varios.<br>No est\u00e1 f\u00edsicamente con nosotros, hoy sabemos que su apellido era Cesped y no Cespedes, pero es de los que no se olvidan nunca, pues sembr\u00f3 en buena tierra y eso no se olvida.<\/p>\n","protected":false},"excerpt":{"rendered":"<p>&#8211; El tiempo de la dictadura fue duro para todos.Unos m\u00e1s y otros menos, sufrimos diversos problemas y limitaciones a nuestra vida personal y colectiva.Corr\u00eda el verano de 1974 y&#8230; <a class=\"read-more\" href=\"https:\/\/www.radiopresidenteibanez.cl\/web\/con-toda-honestidad-y-con-la-mente-fria-renegamos-de-cualquier-patron-cantan-los-prisioneros\/\">Leer m\u00e1s<\/a><\/p>\n","protected":false},"author":2,"featured_media":54855,"comment_status":"closed","ping_status":"closed","sticky":false,"template":"","format":"standard","meta":{"footnotes":""},"categories":[1],"tags":[],"class_list":["post-54854","post","type-post","status-publish","format-standard","has-post-thumbnail","hentry","category-cronica"],"_links":{"self":[{"href":"https:\/\/www.radiopresidenteibanez.cl\/web\/wp-json\/wp\/v2\/posts\/54854","targetHints":{"allow":["GET"]}}],"collection":[{"href":"https:\/\/www.radiopresidenteibanez.cl\/web\/wp-json\/wp\/v2\/posts"}],"about":[{"href":"https:\/\/www.radiopresidenteibanez.cl\/web\/wp-json\/wp\/v2\/types\/post"}],"author":[{"embeddable":true,"href":"https:\/\/www.radiopresidenteibanez.cl\/web\/wp-json\/wp\/v2\/users\/2"}],"replies":[{"embeddable":true,"href":"https:\/\/www.radiopresidenteibanez.cl\/web\/wp-json\/wp\/v2\/comments?post=54854"}],"version-history":[{"count":0,"href":"https:\/\/www.radiopresidenteibanez.cl\/web\/wp-json\/wp\/v2\/posts\/54854\/revisions"}],"wp:featuredmedia":[{"embeddable":true,"href":"https:\/\/www.radiopresidenteibanez.cl\/web\/wp-json\/wp\/v2\/media\/54855"}],"wp:attachment":[{"href":"https:\/\/www.radiopresidenteibanez.cl\/web\/wp-json\/wp\/v2\/media?parent=54854"}],"wp:term":[{"taxonomy":"category","embeddable":true,"href":"https:\/\/www.radiopresidenteibanez.cl\/web\/wp-json\/wp\/v2\/categories?post=54854"},{"taxonomy":"post_tag","embeddable":true,"href":"https:\/\/www.radiopresidenteibanez.cl\/web\/wp-json\/wp\/v2\/tags?post=54854"}],"curies":[{"name":"wp","href":"https:\/\/api.w.org\/{rel}","templated":true}]}}