{"id":54837,"date":"2025-03-09T13:18:39","date_gmt":"2025-03-09T16:18:39","guid":{"rendered":"https:\/\/www.radiopresidenteibanez.cl\/web\/?p=54837"},"modified":"2025-03-09T13:18:44","modified_gmt":"2025-03-09T16:18:44","slug":"en-memoria-de-carlos-hidalgo-guerrero-q-e-p-d","status":"publish","type":"post","link":"https:\/\/www.radiopresidenteibanez.cl\/web\/en-memoria-de-carlos-hidalgo-guerrero-q-e-p-d\/","title":{"rendered":"En memoria de Carlos Hidalgo Guerrero (Q.E.P.D.)"},"content":{"rendered":"\n<p>Finalmente, nuestro amigo Carlos no era el que present\u00edamos hasta el convencimiento. S\u00ed,<br>nos equivocamos al pensar que hab\u00eda en \u00e9l una mezcla curiosa de ave F\u00e9nix y de cigarra<br>perezosa que vuelve a cantar despu\u00e9s de sus meses de sue\u00f1o silencioso. El lunes pasado, sus<br>cansinos pasos por la calle Providencia se detuvieron cuando hab\u00eda transcurrido el mediod\u00eda,<br>y su voz, ya cansada, se apag\u00f3 para siempre. Solo el eco lejano de palabras y sonrisas<br>derrochadas resuena a\u00fan en algunos destellos que escuchamos, pero que se van perdiendo<br>con las horas, hasta alcanzar el silencio.<br>El haber renacido del COVID despu\u00e9s de meses de agon\u00eda hace tres a\u00f1os, nos hab\u00eda hecho<br>imaginar que su rescate desde el limbo lo conducir\u00eda a tener la vida m\u00e1s larga del mundo;<br>que nos enterrar\u00eda a todos en el ocaso de la carrera, que ser\u00eda el \u00faltimo en abandonar la<br>hermosa nave en la que nos embarcamos hace ya un buen par de d\u00e9cadas, entre los bancos<br>de madera del colegio San Jos\u00e9. Cierto es que su vitalidad, humor y, hasta porf\u00eda, doblegaban<br>una a una las graves enfermedades que lo aquejaron, como un primer c\u00e1ncer, neumon\u00edas y<br>complicaciones al h\u00edgado. Estamos ciertos que esta vez, vencer\u00eda tambi\u00e9n a la leucemia, o<br>vivir\u00eda con ella por muchos a\u00f1os, como nos dec\u00eda al preguntarle por su estado de salud,<br>\u00faltimamente.<br>Todos estos males, los soportaba estoicamente, sin demostrar sufrimiento. Los domesticaba<br>dentro de su cuerpo con la ayuda de quimios y remedios y, provisto de esa energ\u00eda que<br>extra\u00eda, probablemente, desde sus mismas entra\u00f1as, terminaba por burlarse de ellos.<br>Retomaba entonces su trabajo, volv\u00eda al caf\u00e9 Di Lucca, para juntarse con sus amigos y para<br>disfrutar de cada uno de los momentos gratos que sol\u00eda ir a buscar por los recovecos de la<br>vida. Su actitud de optimismo \u2014de cierta despreocupaci\u00f3n, incluso\u2014 era contagiosa,<br>haci\u00e9ndonos con ella deducir que as\u00ed deb\u00edamos ser todos sus amigos: vivir cotidianamente<br>en forma plena, placentera y despreocupada, disfrutar de los momentos de alegr\u00eda, e<br>irradiarla por los cielos con palabras simples, sonrisas, tragos de vino y miradas. Compartir<br>con sus amigos se transform\u00f3 en una sana obsesi\u00f3n \u2014\u00bfo talvez ser\u00eda un llamado de auxilio<br>incomprendido? \u2014 lo que, probablemente, le serv\u00eda de ung\u00fcento para sanar algunas heridas<br>del alma provocadas por su soledad.<br>Cada vez que pod\u00eda viajaba a Punta Arenas para juntarse con su hermano, con Pepe y<br>Miguel, sus amigos; y para revisitar el Paine, de donde enviaba fotos en medio de<br>ventisqueros y guanacos, la sonrisa permanente dibujada en el rostro, resplandecientes sus<br>ojos frente el paisaje azulado y las monta\u00f1as nevadas. Porque habiendo sido porte\u00f1o de<br>nacimiento, se hizo magall\u00e1nico desde los ocho a\u00f1os, y su regionalizaci\u00f3n fue desmedida y<br>apasionada, hasta los huesos, solo comparable a su pasi\u00f3n por el Everton.<br>Viajero permanente en busca de nuevas aventuras, vivi\u00f3 en Santiago, Par\u00eds, Buenos Aires,<br>Montevideo y Mendoza. Pero viajaba tambi\u00e9n a los Estados Unidos, para juntarse con<br>Tom\u00e1s, su hijo, o con su hermano Jaime, cuando a\u00fan viv\u00eda. Ahora, estos meses, planificaba<br>volver a Par\u00eds y pasar a vernos a Croacia.<\/p>\n\n\n\n<p>Carlos sufri\u00f3 su gran derrota el lunes pasado. Junto a Lorenzo, lo acompa\u00f1amos hasta su<br>\u00faltimo respiro. Lo hicimos tambi\u00e9n en nombre de quienes, por la distancia, no pudieron<br>estar a su lado. Antes de cerrar su departamento, tom\u00e9 el libro que estaba en el velador y<br>que le hab\u00eda regalado en noviembre pasado. Entonces, le\u00ed la dedicatoria que le escrib\u00ed en esa<br>ocasi\u00f3n y que hoy comparto: \u201cPara Carlos, mi compa\u00f1ero de curso, de pieza y de cama, de<br>convicciones y dudas, de rutas de vida por pa\u00edses recorridos, y de tantas otras cosas que nos<br>fueron moldeando juntos. O sea, para Carlos, mi amigo\u201d.<br>Descansa en paz, querido Carlos. Guardaremos tu esp\u00edritu. Te aseguro que estar\u00e1s presente<br>en medio de nuestras charlas, brindis y recuerdos.<br>Guillermo Mimica C\u00e1rcamo<\/p>\n","protected":false},"excerpt":{"rendered":"<p>Finalmente, nuestro amigo Carlos no era el que present\u00edamos hasta el convencimiento. S\u00ed,nos equivocamos al pensar que hab\u00eda en \u00e9l una mezcla curiosa de ave F\u00e9nix y de cigarraperezosa que&#8230; <a class=\"read-more\" href=\"https:\/\/www.radiopresidenteibanez.cl\/web\/en-memoria-de-carlos-hidalgo-guerrero-q-e-p-d\/\">Leer m\u00e1s<\/a><\/p>\n","protected":false},"author":2,"featured_media":54838,"comment_status":"closed","ping_status":"closed","sticky":false,"template":"","format":"standard","meta":{"footnotes":""},"categories":[1],"tags":[],"class_list":["post-54837","post","type-post","status-publish","format-standard","has-post-thumbnail","hentry","category-cronica"],"_links":{"self":[{"href":"https:\/\/www.radiopresidenteibanez.cl\/web\/wp-json\/wp\/v2\/posts\/54837","targetHints":{"allow":["GET"]}}],"collection":[{"href":"https:\/\/www.radiopresidenteibanez.cl\/web\/wp-json\/wp\/v2\/posts"}],"about":[{"href":"https:\/\/www.radiopresidenteibanez.cl\/web\/wp-json\/wp\/v2\/types\/post"}],"author":[{"embeddable":true,"href":"https:\/\/www.radiopresidenteibanez.cl\/web\/wp-json\/wp\/v2\/users\/2"}],"replies":[{"embeddable":true,"href":"https:\/\/www.radiopresidenteibanez.cl\/web\/wp-json\/wp\/v2\/comments?post=54837"}],"version-history":[{"count":0,"href":"https:\/\/www.radiopresidenteibanez.cl\/web\/wp-json\/wp\/v2\/posts\/54837\/revisions"}],"wp:featuredmedia":[{"embeddable":true,"href":"https:\/\/www.radiopresidenteibanez.cl\/web\/wp-json\/wp\/v2\/media\/54838"}],"wp:attachment":[{"href":"https:\/\/www.radiopresidenteibanez.cl\/web\/wp-json\/wp\/v2\/media?parent=54837"}],"wp:term":[{"taxonomy":"category","embeddable":true,"href":"https:\/\/www.radiopresidenteibanez.cl\/web\/wp-json\/wp\/v2\/categories?post=54837"},{"taxonomy":"post_tag","embeddable":true,"href":"https:\/\/www.radiopresidenteibanez.cl\/web\/wp-json\/wp\/v2\/tags?post=54837"}],"curies":[{"name":"wp","href":"https:\/\/api.w.org\/{rel}","templated":true}]}}