{"id":54834,"date":"2025-03-09T11:15:00","date_gmt":"2025-03-09T14:15:00","guid":{"rendered":"https:\/\/www.radiopresidenteibanez.cl\/web\/?p=54834"},"modified":"2025-03-09T13:16:39","modified_gmt":"2025-03-09T16:16:39","slug":"lo-mataron-los-nuevos-tiempos-porque-el-gaete-no-cacho-los-nuevos-vientos-canta-mauricio-redoles","status":"publish","type":"post","link":"https:\/\/www.radiopresidenteibanez.cl\/web\/lo-mataron-los-nuevos-tiempos-porque-el-gaete-no-cacho-los-nuevos-vientos-canta-mauricio-redoles\/","title":{"rendered":"Lo mataron los nuevos tiempos porque el Gaete no cach\u00f3 los nuevos vientos.. canta Mauricio Redoles"},"content":{"rendered":"\n<p>&nbsp;La \u00faltima oferta de la empresa es un documento formal que se entrega a los trabajadores en las condiciones establecidas en la ley (articulo 346 del C\u00f3digo del Trabajo.<br>Si as\u00ed no ocurriera se entender\u00e1 como \u00faltima oferta la respuesta que di\u00f3 el empleador al proyecto de contrato colectivo, dependiendo esto \u00faltimo de si los trabajadores impugnaron la respuesta de su empleador y esta impugnaci\u00f3n fue acogida por la Inspecci\u00f3n del Trabajo. No existe ninguna otra \u00faltima oferta legal. Todo lo que pudo decir u ofrecer el empleador en la busqueda de acuerdos en la negociaci\u00f3n colectiva, es letra muerta si no queda refrendado en esta \u00faltimo oferta, la que necesariamente dede estar suscrita por la empresa y ser recibida conforme por el sindicato.<\/p>\n\n\n\n<p>2.- En la negociaci\u00f3n colectiva no sirven las palabras de buena crianza ni los compromisos a futuro si no est\u00e1n escritos.<br>La negociaci\u00f3n colectiva es una cuesti\u00f3n de partes claramente identificadas y definidas. Empresa y Trabajadores.<br>Estos presentan sus aspiraciones por escrito, aquella tiene la obligaci\u00f3n de responder a ellas por la misma v\u00eda, sea rechazando todo lo que se le ha demandado o bien proponiendo valores que generalmente son inferiores a las aspiraciones de los trabajadores.<br>Ni mas ni menos que eso. Todas las promesas de mejoras futuras que queden a la buena disposici\u00f3n del patr\u00f3n, corren riesgo cierto de no verse realizadas.<br>No creas en lo que te digan, solo cree en aquello que est\u00e1 comprometido bajo firma.<\/p>\n","protected":false},"excerpt":{"rendered":"<p>&nbsp;La \u00faltima oferta de la empresa es un documento formal que se entrega a los trabajadores en las condiciones establecidas en la ley (articulo 346 del C\u00f3digo del Trabajo.Si as\u00ed&#8230; <a class=\"read-more\" href=\"https:\/\/www.radiopresidenteibanez.cl\/web\/lo-mataron-los-nuevos-tiempos-porque-el-gaete-no-cacho-los-nuevos-vientos-canta-mauricio-redoles\/\">Leer m\u00e1s<\/a><\/p>\n","protected":false},"author":2,"featured_media":54835,"comment_status":"closed","ping_status":"closed","sticky":false,"template":"","format":"standard","meta":{"footnotes":""},"categories":[1],"tags":[],"class_list":["post-54834","post","type-post","status-publish","format-standard","has-post-thumbnail","hentry","category-cronica"],"_links":{"self":[{"href":"https:\/\/www.radiopresidenteibanez.cl\/web\/wp-json\/wp\/v2\/posts\/54834","targetHints":{"allow":["GET"]}}],"collection":[{"href":"https:\/\/www.radiopresidenteibanez.cl\/web\/wp-json\/wp\/v2\/posts"}],"about":[{"href":"https:\/\/www.radiopresidenteibanez.cl\/web\/wp-json\/wp\/v2\/types\/post"}],"author":[{"embeddable":true,"href":"https:\/\/www.radiopresidenteibanez.cl\/web\/wp-json\/wp\/v2\/users\/2"}],"replies":[{"embeddable":true,"href":"https:\/\/www.radiopresidenteibanez.cl\/web\/wp-json\/wp\/v2\/comments?post=54834"}],"version-history":[{"count":0,"href":"https:\/\/www.radiopresidenteibanez.cl\/web\/wp-json\/wp\/v2\/posts\/54834\/revisions"}],"wp:featuredmedia":[{"embeddable":true,"href":"https:\/\/www.radiopresidenteibanez.cl\/web\/wp-json\/wp\/v2\/media\/54835"}],"wp:attachment":[{"href":"https:\/\/www.radiopresidenteibanez.cl\/web\/wp-json\/wp\/v2\/media?parent=54834"}],"wp:term":[{"taxonomy":"category","embeddable":true,"href":"https:\/\/www.radiopresidenteibanez.cl\/web\/wp-json\/wp\/v2\/categories?post=54834"},{"taxonomy":"post_tag","embeddable":true,"href":"https:\/\/www.radiopresidenteibanez.cl\/web\/wp-json\/wp\/v2\/tags?post=54834"}],"curies":[{"name":"wp","href":"https:\/\/api.w.org\/{rel}","templated":true}]}}