{"id":54827,"date":"2025-03-07T18:13:00","date_gmt":"2025-03-07T21:13:00","guid":{"rendered":"https:\/\/www.radiopresidenteibanez.cl\/web\/?p=54827"},"modified":"2025-03-07T11:30:58","modified_gmt":"2025-03-07T14:30:58","slug":"ano-parvulario-2025-asi-las-familias-pueden-acompanar-y-ayudar-a-ninas-y-ninos-en-su-primer-dia-de-jardin","status":"publish","type":"post","link":"https:\/\/www.radiopresidenteibanez.cl\/web\/ano-parvulario-2025-asi-las-familias-pueden-acompanar-y-ayudar-a-ninas-y-ninos-en-su-primer-dia-de-jardin\/","title":{"rendered":"A\u00f1o parvulario 2025: as\u00ed las familias pueden acompa\u00f1ar y ayudar a ni\u00f1as y ninos en su \u00abprimer dia\u00bb de jardin"},"content":{"rendered":"\n<p>Ingresar a la sala cuna y jard\u00edn infantil es uno de los hitos importantes que ocurre en los primeros<br>a\u00f1os de vida de ni\u00f1as y ni\u00f1os. Explorar un espacio distinto al conocido \u2013y en compa\u00f1\u00eda de<br>personas que no han visto antes\u2013 puede generar diversas reacciones. Adem\u00e1s, es un desaf\u00edo para<br>las familias y equipos educativos, quienes son los llamados a generar instancias que faciliten este<br>proceso.<br>El c\u00f3mo respondan las ni\u00f1as y los ni\u00f1os al hecho de iniciar su trayectoria educativa depender\u00e1 de<br>muchos factores, por ejemplo, el momento de desarrollo en que se encuentren y sus<br>singularidades. Si est\u00e1n en sala cuna, tal vez podr\u00edan inquietarse o llorar al alejarse de su madre,<br>padre o persona significativa. Tambi\u00e9n es posible que est\u00e9n m\u00e1s irritables o se les dificulte<br>conciliar el sue\u00f1o.<br>Asimismo, en las y los p\u00e1rvulos de mayor edad podr\u00edan observarse conductas como llanto, timidez,<br>dificultades para separarse de la persona significativa, ingresar al jard\u00edn sin prestar atenci\u00f3n ni<br>despedirse. Por eso, el acompa\u00f1amiento y comprensi\u00f3n en esta etapa de familiarizaci\u00f3n es clave.<br>El director ejecutivo de Fundaci\u00f3n Integra, Carlos Gonz\u00e1lez Rivas, indico\u0301 que \u201cla sala cuna y jard\u00edn<br>infantil es un espacio educativo amoroso, inclusivo, seguro y de contenci\u00f3n que permite reforzar<br>de manera l\u00fadica el v\u00ednculo de ni\u00f1as y ni\u00f1os con sus familias y entorno, a trav\u00e9s de aprendizajes<br>significativos que tienen al juego como elemento central. Junto al amor y compromiso de los<br>equipos educativos, en su rol de garantes de derechos y agentes de cambio social, es posible que<br>descubran, experimenten y desarrollen habilidades para toda su vida, siendo capaces de conocer<br>y transformar este mundo\u201d.<br>Para esto, Fundaci\u00f3n Integra y Fonoinfancia destacan algunos aspectos que pueden considerar las<br>familias al momento de enfrentar el paso de la casa al jard\u00edn infantil:<br>\uf0b7 Es importante que adultas y adultos se muestren disponibles e interesados en lo que<br>ni\u00f1as y ni\u00f1os sientan y expresen.<\/p>\n\n\n\n<p>\uf0b7 Es relevante considerar que los modos de expresar de ni\u00f1as y ni\u00f1os no siempre son<br>verbales, sino que tambi\u00e9n pueden ser gestuales o conductuales, por lo que se sugiere<br>prestar atenci\u00f3n a las distintas formas.<br>\uf0b7 Responder de forma clara, sensible y concreta a las dudas y\/o preocupaciones que puedan<br>expresar ni\u00f1as y ni\u00f1os, considerando su edad y etapa del desarrollo en que se encuentran.<br>\uf0b7 Estas atentas y atentos a las distintas manifestaciones que ni\u00f1as y ni\u00f1os expresen, dando<br>espacios de contenci\u00f3n, permiti\u00e9ndoles expresar las diferentes emociones que puedan<br>emerger en ellos y ellas y acompa\u00f1arles en eso.<br>\uf0b7 Al retirarse del jard\u00edn infantil, se sugiere despedirse con naturalidad y resaltar el hecho de<br>que se regresar\u00e1 a buscarlos\/as.<br>\uf0b7 En caso de requerir orientaci\u00f3n sobre este y otros temas vinculados a crianza y ni\u00f1ez, las<br>familias pueden recurrir al equipo de psic\u00f3logas y psic\u00f3logos de Fonoinfancia, llamando al<br>800 200 818 o a trav\u00e9s del chat disponible en www.fonoinfancia.cl.<br>Stephanie Correa Olgu\u00edn, psic\u00f3loga de Fonoinfancia, adem\u00e1s expres\u00f3 que \u201cpara algunas ni\u00f1as y<br>ni\u00f1os, al principio, el estar en el jard\u00edn infantil podr\u00eda sentirse como una suerte de abandono, ya<br>que a\u00fan les es complejo entender ciertas nociones de espacio y tiempo. Por ello las madres,<br>padres o sus personas significativas deben entregar seguridad y confianza. Por ejemplo, decir<br>adi\u00f3s con naturalidad al despedirse y comunicar claramente qui\u00e9n les ir\u00e1 a buscar y la hora en<br>que suceder\u00e1\u201d.<\/p>\n","protected":false},"excerpt":{"rendered":"<p>Ingresar a la sala cuna y jard\u00edn infantil es uno de los hitos importantes que ocurre en los primerosa\u00f1os de vida de ni\u00f1as y ni\u00f1os. Explorar un espacio distinto al&#8230; <a class=\"read-more\" href=\"https:\/\/www.radiopresidenteibanez.cl\/web\/ano-parvulario-2025-asi-las-familias-pueden-acompanar-y-ayudar-a-ninas-y-ninos-en-su-primer-dia-de-jardin\/\">Leer m\u00e1s<\/a><\/p>\n","protected":false},"author":2,"featured_media":54828,"comment_status":"closed","ping_status":"closed","sticky":false,"template":"","format":"standard","meta":{"footnotes":""},"categories":[1],"tags":[],"class_list":["post-54827","post","type-post","status-publish","format-standard","has-post-thumbnail","hentry","category-cronica"],"_links":{"self":[{"href":"https:\/\/www.radiopresidenteibanez.cl\/web\/wp-json\/wp\/v2\/posts\/54827","targetHints":{"allow":["GET"]}}],"collection":[{"href":"https:\/\/www.radiopresidenteibanez.cl\/web\/wp-json\/wp\/v2\/posts"}],"about":[{"href":"https:\/\/www.radiopresidenteibanez.cl\/web\/wp-json\/wp\/v2\/types\/post"}],"author":[{"embeddable":true,"href":"https:\/\/www.radiopresidenteibanez.cl\/web\/wp-json\/wp\/v2\/users\/2"}],"replies":[{"embeddable":true,"href":"https:\/\/www.radiopresidenteibanez.cl\/web\/wp-json\/wp\/v2\/comments?post=54827"}],"version-history":[{"count":0,"href":"https:\/\/www.radiopresidenteibanez.cl\/web\/wp-json\/wp\/v2\/posts\/54827\/revisions"}],"wp:featuredmedia":[{"embeddable":true,"href":"https:\/\/www.radiopresidenteibanez.cl\/web\/wp-json\/wp\/v2\/media\/54828"}],"wp:attachment":[{"href":"https:\/\/www.radiopresidenteibanez.cl\/web\/wp-json\/wp\/v2\/media?parent=54827"}],"wp:term":[{"taxonomy":"category","embeddable":true,"href":"https:\/\/www.radiopresidenteibanez.cl\/web\/wp-json\/wp\/v2\/categories?post=54827"},{"taxonomy":"post_tag","embeddable":true,"href":"https:\/\/www.radiopresidenteibanez.cl\/web\/wp-json\/wp\/v2\/tags?post=54827"}],"curies":[{"name":"wp","href":"https:\/\/api.w.org\/{rel}","templated":true}]}}