{"id":54824,"date":"2025-03-07T16:49:00","date_gmt":"2025-03-07T19:49:00","guid":{"rendered":"https:\/\/www.radiopresidenteibanez.cl\/web\/?p=54824"},"modified":"2025-03-07T11:28:01","modified_gmt":"2025-03-07T14:28:01","slug":"sector-salud-se-prepara-para-el-buen-desarrollo-de-la-campana-de-invierno-reforzando-vacunacion-y-estrategias-para-hacer-frente-a-peak-de-circulacion-viral-en-los-proximos-meses","status":"publish","type":"post","link":"https:\/\/www.radiopresidenteibanez.cl\/web\/sector-salud-se-prepara-para-el-buen-desarrollo-de-la-campana-de-invierno-reforzando-vacunacion-y-estrategias-para-hacer-frente-a-peak-de-circulacion-viral-en-los-proximos-meses\/","title":{"rendered":"SECTOR SALUD SE PREPARA PARA EL BUEN DESARROLLO DE LA CAMPA\u00d1A DE INVIERNO, REFORZANDO VACUNACI\u00d3N Y ESTRATEGIAS PARA HACER FRENTE A PEAK DE CIRCULACI\u00d3N VIRAL EN LOS PROXIMOS MESES"},"content":{"rendered":"\n<p>Con el objetivo de fortalecer la coordinaci\u00f3n intersectorial y asegurar el adecuado desarrollo de la<br>Campa\u00f1a de Invierno 2025, autoridades y referentes del sector salud se reunieron para analizar en detalle las acciones a seguir en materia de vacunaci\u00f3n y respuesta del sistema de salud en los meses de mayor circulaci\u00f3n viral.<br>En la instancia participaron la Seremi de Salud, Francisca Sanfuentes, junto a representantes de Servicio de Salud, Hospital Cl\u00ednico Magallanes y Atenci\u00f3n Primaria de Salud de Punta Arenas, quienes analizaron los primeros avances del proceso de vacunaci\u00f3n, revisaron la situaci\u00f3n epidemiol\u00f3gica a nivel regional, nacional e internacional, y definieron estrategias para optimizar la respuesta del sistema de salud en los meses en que aumentan las enfermedades respiratorias y se observa una mayor demanda de la red asistencial. La coordinaci\u00f3n intersectorial es fundamental para garantizar el acceso oportuno a la inmunizaci\u00f3n y una respuesta adecuada de los diversos dispositivos de salud.<br>La Seremi de Salud, Francisca Sanfuentes, indic\u00f3 que \u00abestamos hoy d\u00eda en esta reuni\u00f3n de coordinaci\u00f3n en la que est\u00e1n participando los distintos referentes del sector salud que est\u00e1n involucrados en la preparaci\u00f3n y en la planificaci\u00f3n de todas las actividades de la campa\u00f1a invierno, desde las estrategias de vacunaci\u00f3n e inmunizaci\u00f3n hasta el fortalecimiento de los equipos de atenci\u00f3n primaria, de los servicios de urgencia y de los hospitales o centros de mayor complejidad, que deben preparar su disponibilidad de camas ante la mayor demanda que esperamos en este periodo invernal asociado al aumento de circulaci\u00f3n de los virus respiratorios\u00bb.<br>Agreg\u00f3 que \u201cen esta reuni\u00f3n buscamos destacar los logros, los avances de los a\u00f1os previos, y tambi\u00e9n los desaf\u00edos que tenemos para esta campa\u00f1a de invierno 2025, y continuaremos reuni\u00e9ndonos peri\u00f3dicamente para realizar un seguimiento de los progresos, de los avances, y de esta manera, poder dar una respuesta y cobertura adecuada que nuestra comunidad requiere\u201d.<br>Por su parte, la encargada de la Unidad de Epidemiolog\u00eda de la Seremi de Salud, Fabiola Adri\u00e1n, explic\u00f3 que \u00abes fundamental poder compartir con los equipos cl\u00ednicos, de gesti\u00f3n y autoridades la situaci\u00f3n epidemiol\u00f3gica tanto internacional, nacional y regional, y poder revisar ciertos aspectos que nos puedan generar estrategias preventivas para poder enfrentar de mejor forma este invierno como comunidad. En ese sentido, revisamos peri\u00f3dicamente c\u00f3mo se ha comportado el invierno en el hemisferio norte, porque eso es predictor de lo que ocurrir\u00e1 en nuestra regi\u00f3n en los pr\u00f3ximos meses. Hemos observado que la circulaci\u00f3n de virus influenza se ha adelantado y ha aumentado respecto a a\u00f1os anteriores\u201d.<\/p>\n\n\n\n<p>Detall\u00f3 que \u201cel que se haya adelantado el inicio de la campa\u00f1a de vacunaci\u00f3n de invierno es una<br>estrategia muy efectiva, ya que debemos durante los meses de marzo y abril, tratar de hacer todos los esfuerzos posibles para que la mayor cantidad de lo grupos objetivos est\u00e9n vacunados y podamos prevenir casos graves y fallecimientos por esta causa\u201d.<br>En tanto, la m\u00e9dico asesora del Servicio de Salud Magallanes, Dra. Mar\u00eda Jos\u00e9 Soto, destac\u00f3 la relevancia de la coordinaci\u00f3n entre todos los actores del sistema de salud, indicando que es muy importante que la Campa\u00f1a de Invierno cuente con una preparaci\u00f3n temprana. \u201cNos hemos reunido para reforzar las estrategias necesarias tanto en vacunaci\u00f3n como en inmunizaci\u00f3n para toda la poblaci\u00f3n objetiva, incluyendo ni\u00f1os, adultos y personas de riesgo. Adem\u00e1s, definimos la organizaci\u00f3n de los recursos para garantizar la atenci\u00f3n de salud durante este invierno\u00bb, detall\u00f3.<br>Las autoridades tambi\u00e9n discutieron las proyecciones para los pr\u00f3ximos meses, considerando el<br>comportamiento epidemiol\u00f3gico de temporadas anteriores y la posibilidad de una circulaci\u00f3n anticipada de virus respiratorios. En este sentido, reforz\u00f3 la vigilancia activa de los casos y fortalecer la capacidad de respuesta en la red asistencial, asegurando que los establecimientos de salud cuenten con los recursos necesarios para enfrentar el aumento de consultas y hospitalizaciones.<br>En la regi\u00f3n, de acuerdo a la vigilancia de enfermedades respiratorias se observa que el inicio del per\u00edodo de incremento de este tipo de enfermedades ha comenzado esta semana, adelant\u00e1ndose<br>aproximadamente una semana en comparaci\u00f3n con lo habitual. A nivel ambulatorio, se ha observado un aumento en las consultas de urgencia y actualmente, el virus predominante en circulaci\u00f3n es el rinovirus, aunque tambi\u00e9n se han detectado casos de influenza A, parainfluenza y SARS-CoV-2.<br>La Campa\u00f1a de Invierno e Inmunizaci\u00f3n 2025 considera la vacunaci\u00f3n de grupos objetivos contra la Influenza y el COVID-19. A su vez, contempla la inmunizaci\u00f3n contra el Virus Respiratorio Sincicial para los lactantes nacidos a partir del 1 de octubre de 2024 y reci\u00e9n nacidos en las maternidades durante la campa\u00f1a. Otras ofertas program\u00e1ticas, son la vacuna contra el neumococo para el grupo objetivo comprendido para las personas de 65 a\u00f1os o m\u00e1s que no cuenten con una dosis previa; mientras que para la vacuna contra el coqueluche se convoca a vacunarse a las personas gestantes a partir de la semana 28 de gestaci\u00f3n.<br>Finalmente, reiteraron el llamado a la poblaci\u00f3n a acercarse a los centros de salud para vacunarse, con el fin de reducir el impacto de enfermedades respiratorias en la regi\u00f3n. \u00abLa vacunaci\u00f3n es la herramienta m\u00e1s efectiva para prevenir complicaciones graves. Instamos a la comunidad a protegerse y a cuidar a los m\u00e1s vulnerables\u00bb, concluyeron las autoridades.<\/p>\n","protected":false},"excerpt":{"rendered":"<p>Con el objetivo de fortalecer la coordinaci\u00f3n intersectorial y asegurar el adecuado desarrollo de laCampa\u00f1a de Invierno 2025, autoridades y referentes del sector salud se reunieron para analizar en detalle&#8230; <a class=\"read-more\" href=\"https:\/\/www.radiopresidenteibanez.cl\/web\/sector-salud-se-prepara-para-el-buen-desarrollo-de-la-campana-de-invierno-reforzando-vacunacion-y-estrategias-para-hacer-frente-a-peak-de-circulacion-viral-en-los-proximos-meses\/\">Leer m\u00e1s<\/a><\/p>\n","protected":false},"author":2,"featured_media":54825,"comment_status":"closed","ping_status":"closed","sticky":false,"template":"","format":"standard","meta":{"footnotes":""},"categories":[1],"tags":[],"class_list":["post-54824","post","type-post","status-publish","format-standard","has-post-thumbnail","hentry","category-cronica"],"_links":{"self":[{"href":"https:\/\/www.radiopresidenteibanez.cl\/web\/wp-json\/wp\/v2\/posts\/54824","targetHints":{"allow":["GET"]}}],"collection":[{"href":"https:\/\/www.radiopresidenteibanez.cl\/web\/wp-json\/wp\/v2\/posts"}],"about":[{"href":"https:\/\/www.radiopresidenteibanez.cl\/web\/wp-json\/wp\/v2\/types\/post"}],"author":[{"embeddable":true,"href":"https:\/\/www.radiopresidenteibanez.cl\/web\/wp-json\/wp\/v2\/users\/2"}],"replies":[{"embeddable":true,"href":"https:\/\/www.radiopresidenteibanez.cl\/web\/wp-json\/wp\/v2\/comments?post=54824"}],"version-history":[{"count":0,"href":"https:\/\/www.radiopresidenteibanez.cl\/web\/wp-json\/wp\/v2\/posts\/54824\/revisions"}],"wp:featuredmedia":[{"embeddable":true,"href":"https:\/\/www.radiopresidenteibanez.cl\/web\/wp-json\/wp\/v2\/media\/54825"}],"wp:attachment":[{"href":"https:\/\/www.radiopresidenteibanez.cl\/web\/wp-json\/wp\/v2\/media?parent=54824"}],"wp:term":[{"taxonomy":"category","embeddable":true,"href":"https:\/\/www.radiopresidenteibanez.cl\/web\/wp-json\/wp\/v2\/categories?post=54824"},{"taxonomy":"post_tag","embeddable":true,"href":"https:\/\/www.radiopresidenteibanez.cl\/web\/wp-json\/wp\/v2\/tags?post=54824"}],"curies":[{"name":"wp","href":"https:\/\/api.w.org\/{rel}","templated":true}]}}