{"id":54803,"date":"2025-03-07T08:17:24","date_gmt":"2025-03-07T11:17:24","guid":{"rendered":"https:\/\/www.radiopresidenteibanez.cl\/web\/?p=54803"},"modified":"2025-03-07T08:17:31","modified_gmt":"2025-03-07T11:17:31","slug":"boletin-informativo-matinal-orbe-63","status":"publish","type":"post","link":"https:\/\/www.radiopresidenteibanez.cl\/web\/boletin-informativo-matinal-orbe-63\/","title":{"rendered":"Boletin Informativo Matinal Orbe"},"content":{"rendered":"\n<p>VALPARAISO.- Un informe revel\u00f3 que dos horas antes del<br>megacorte de luz deL 25 de febrero, el Coordinador El\u00e9ctrico<br>Nacional, CEN, fue notificado sobre eventuales problemas.<br>Juan Carlos Olmedo, presidente del CEN, y su director<br>ejecutivo, Ernesto Huber, asistieron a la Comisi\u00f3n de Miner\u00eda<br>y Energ\u00eda del Senado para discutir las responsabilidades del<br>hist\u00f3rico apag\u00f3n, que dej\u00f3 sin suministro a ocho millones de<br>clientes durante varias horas.<\/p>\n\n\n\n<p>VALPARAISO.- En la cita se refirieron a los dos informes que<br>el CEN public\u00f3 sobre lo sucedido, en los que se comenta la<br>desviaci\u00f3n de la operaci\u00f3n y las justificaciones. As\u00ed, se<br>revel\u00f3 que la empresa Isa InterChile report\u00f3 dos horas antes<br>que hab\u00eda problemas en una l\u00ednea de transmisi\u00f3n. Se detall\u00f3<br>que las protecciones hab\u00edan fallado y no se tomaron medidas<br>hasta despu\u00e9s de ocurrida la emergencia.<\/p>\n\n\n\n<p>VALPARAISO.- El director ejecutivo del Coordinador explic\u00f3 en<br>su presentaci\u00f3n que haciendo una auditor\u00eda enfocada en los<br>sistemas de Scada, Comunicaci\u00f3n, Control y Telemando de<br>Transelec, as\u00ed como en los sistemas de control y protecciones<br>de la l\u00ednea de Isa Interchile. \u00abNo podemos descartar la<br>intervenci\u00f3n de terceros, eso es parte de la investigaci\u00f3n.<br>La informaci\u00f3n que tenemos en este momento es que \u00e9sta es una<br>protecci\u00f3n que se hab\u00eda inhabilitado y, finalmente, termin\u00f3<br>operando y desconectando la l\u00ednea. As\u00ed que la investigaci\u00f3n<br>contin\u00faa\u00bb.<\/p>\n\n\n\n<p>VALPARAISO.- En tanto, el presidente de la comisi\u00f3n, el<br>senador PS Juan Luis Castro, fue cr\u00edtico con la informaci\u00f3n<br>que apunta al CEN y se\u00f1al\u00f3 que \u00abse entreg\u00f3 un largo relato,<br>pero no hubo una autocr\u00edtica significativa de parte de la<br>plana mayor del CEN, y eso nos llam\u00f3 la atenci\u00f3n\u00bb. \u00abYo mismo<br>le plante\u00e9 que resucitar la teor\u00eda de la acci\u00f3n maliciosa de<br>terceros me parec\u00eda inconducente, cuando la admitieron a la<br>ministra de Interior y eso no era efectivo\u00bb, dijo Castro.<\/p>\n\n\n\n<p>VALPARAISO.- El legislador a\u00f1adi\u00f3 que \u00abellos no pueden ir<br>cambiando la versi\u00f3n en el camino. Esto es muy delicado,<br>porque una cosa es una acci\u00f3n intencional y otra cosa es un<br>error de una empresa. Cuando se habla de la acci\u00f3n de<br>tercero, se insin\u00faa una acci\u00f3n maliciosa concertada de<br>alguien para interrumpir el sistema. Entonces, es sumamete<br>delicado que ellos refloten esta teor\u00eda\u00bb, critic\u00f3.<\/p>\n\n\n\n<p>VALPARAISO.- En cuanto a la demora en la reposici\u00f3n del<br>servicio, el presidente de la Democracia Cristiana, el<br>diputado Alberto Undurraga, solicit\u00f3 ante la Superintendencia<br>de Electricidad y Combustibles la salida del consejo<br>directivo y del director ejecutivo del del Coordinador<br>El\u00e9ctrico Nacional.\u00bbNo es aceptable, el CEN ten\u00eda la<br>obligaci\u00f3n de tomar las medidas primero para encapsular el<br>corte y que solo hubiese sido en ese sector del territorio, y<br>segundo, que la recuperaci\u00f3n hubiese sido much\u00edsimo m\u00e1s<br>r\u00e1pida\u00bb, coment\u00f3 el diputado.<\/p>\n\n\n\n<p>TEMUCO.- La directiva y parlamentarios del Partido Nacional<br>Libertario, PNL, anunciaron que el Servicio Electoral,<br>Servel, confirm\u00f3 la inscripci\u00f3n oficial de la colectividad<br>como nuevo partido pol\u00edtico. Con este hito, la tienda<br>liderada por el diputado Johannes Kaiser, se establece con el<br>compromiso de la defensa de la libertad individual, la<br>responsabilidad ciudadana y la identidad nacional, seg\u00fan<br>se\u00f1alaron a trav\u00e9s de un comunicado.<\/p>\n","protected":false},"excerpt":{"rendered":"<p>VALPARAISO.- Un informe revel\u00f3 que dos horas antes delmegacorte de luz deL 25 de febrero, el Coordinador El\u00e9ctricoNacional, CEN, fue notificado sobre eventuales problemas.Juan Carlos Olmedo, presidente del CEN, y&#8230; <a class=\"read-more\" href=\"https:\/\/www.radiopresidenteibanez.cl\/web\/boletin-informativo-matinal-orbe-63\/\">Leer m\u00e1s<\/a><\/p>\n","protected":false},"author":2,"featured_media":54804,"comment_status":"closed","ping_status":"closed","sticky":false,"template":"","format":"standard","meta":{"footnotes":""},"categories":[1],"tags":[],"class_list":["post-54803","post","type-post","status-publish","format-standard","has-post-thumbnail","hentry","category-cronica"],"_links":{"self":[{"href":"https:\/\/www.radiopresidenteibanez.cl\/web\/wp-json\/wp\/v2\/posts\/54803","targetHints":{"allow":["GET"]}}],"collection":[{"href":"https:\/\/www.radiopresidenteibanez.cl\/web\/wp-json\/wp\/v2\/posts"}],"about":[{"href":"https:\/\/www.radiopresidenteibanez.cl\/web\/wp-json\/wp\/v2\/types\/post"}],"author":[{"embeddable":true,"href":"https:\/\/www.radiopresidenteibanez.cl\/web\/wp-json\/wp\/v2\/users\/2"}],"replies":[{"embeddable":true,"href":"https:\/\/www.radiopresidenteibanez.cl\/web\/wp-json\/wp\/v2\/comments?post=54803"}],"version-history":[{"count":0,"href":"https:\/\/www.radiopresidenteibanez.cl\/web\/wp-json\/wp\/v2\/posts\/54803\/revisions"}],"wp:featuredmedia":[{"embeddable":true,"href":"https:\/\/www.radiopresidenteibanez.cl\/web\/wp-json\/wp\/v2\/media\/54804"}],"wp:attachment":[{"href":"https:\/\/www.radiopresidenteibanez.cl\/web\/wp-json\/wp\/v2\/media?parent=54803"}],"wp:term":[{"taxonomy":"category","embeddable":true,"href":"https:\/\/www.radiopresidenteibanez.cl\/web\/wp-json\/wp\/v2\/categories?post=54803"},{"taxonomy":"post_tag","embeddable":true,"href":"https:\/\/www.radiopresidenteibanez.cl\/web\/wp-json\/wp\/v2\/tags?post=54803"}],"curies":[{"name":"wp","href":"https:\/\/api.w.org\/{rel}","templated":true}]}}