{"id":54795,"date":"2025-03-06T16:49:00","date_gmt":"2025-03-06T19:49:00","guid":{"rendered":"https:\/\/www.radiopresidenteibanez.cl\/web\/?p=54795"},"modified":"2025-03-06T15:42:26","modified_gmt":"2025-03-06T18:42:26","slug":"concejal-jose-becerra-solicita-pronunciamiento-de-contraloria-por-irregularidades-en-concurso-de-directores-de-cesfam-en-punta-arenas","status":"publish","type":"post","link":"https:\/\/www.radiopresidenteibanez.cl\/web\/concejal-jose-becerra-solicita-pronunciamiento-de-contraloria-por-irregularidades-en-concurso-de-directores-de-cesfam-en-punta-arenas\/","title":{"rendered":"Concejal Jos\u00e9 Becerra solicita pronunciamiento de Contralor\u00eda por irregularidades en concurso de Directores de CESFAM en Punta Arenas"},"content":{"rendered":"\n<p>El Concejal de la Ilustre Municipalidad de Punta Arenas,&nbsp;<strong>Jos\u00e9 Becerra Carvajal<\/strong>, ingres\u00f3 un requerimiento ante la Contralor\u00eda General de la Rep\u00fablica para que este organismo se pronuncie sobre las posibles irregularidades en el proceso de concurso p\u00fablico para la selecci\u00f3n de Directores de los Centros de Salud Familiar (CESFAM) de la comuna.<\/p>\n\n\n\n<p>De acuerdo con lo expuesto en su solicitud, la Corporaci\u00f3n Municipal de Punta Arenas, public\u00f3 las bases del concurso en enero de 2025 sin someterlas a la&nbsp;<strong>Comisi\u00f3n de Salud del Concejo Municipal ni a la aprobaci\u00f3n del pleno del Concejo<\/strong>, incumpliendo lo dispuesto en el&nbsp;<strong>art\u00edculo 32 de la Ley N\u00b0 19.378<\/strong>, que establece la obligaci\u00f3n de contar con la participaci\u00f3n del Concejo en estos procesos.<\/p>\n\n\n\n<p>Asimismo, Becerra se\u00f1al\u00f3 que este procedimiento tambi\u00e9n contraviene el&nbsp;<strong>Dictamen N\u00b0 202\/7 de la Direcci\u00f3n del Trabajo<\/strong>, emitido el 6 de febrero de 2023, el cual indica expresamente que&nbsp;<strong>no es procedente realizar un concurso de Directores de establecimientos de salud municipal sin la aprobaci\u00f3n previa del Concejo Municipal<\/strong>.<\/p>\n\n\n\n<p>El Concejal record\u00f3 que este procedimiento ha sido hist\u00f3ricamente respetado en Punta Arenas, tal como lo demuestran los concursos realizados en los a\u00f1os&nbsp;<strong>2017 y 2022<\/strong>, cuyas aprobaciones est\u00e1n debidamente registradas y fueron incorporadas en su requerimiento.<\/p>\n\n\n\n<p>Becerra manifest\u00f3 su preocupaci\u00f3n por el hecho de que este concurso&nbsp;<strong>se haya realizado entre cuatro paredes, sin la participaci\u00f3n del Concejo Municipal ni la debida fiscalizaci\u00f3n<\/strong>, lo que podr\u00eda derivar en situaciones como las ocurridas en los \u00faltimos tres a\u00f1os, en donde&nbsp;<strong>se han perdido acreditaciones, han existido directores sumariados y se han designado directores que posteriormente han asumido otras funciones, dejando sus cargos con subrogancias durante todo su per\u00edodo de gesti\u00f3n<\/strong>.<\/p>\n\n\n\n<p>Ante esta situaci\u00f3n, el Concejal Jos\u00e9 Becerra solicit\u00f3 formalmente a la Contralor\u00eda que&nbsp;<strong>se pronuncie sobre la legalidad del procedimiento llevado a cabo por la Municipalidad de Punta Arenas y la CORMUPA, determine si la omisi\u00f3n del Concejo Municipal constituye una infracci\u00f3n a los principios de legalidad y transparencia<\/strong>, y que, en caso de encontrar irregularidades, ordene las medidas correctivas correspondientes.<\/p>\n\n\n\n<p>Finalmente, el edil reafirm\u00f3 su compromiso con la fiscalizaci\u00f3n y la transparencia en la gesti\u00f3n municipal, destacando que continuar\u00e1 velando por el cumplimiento de la normativa y los m\u00e1s altos est\u00e1ndares de probidad en los procesos administrativos de la comuna.<\/p>\n","protected":false},"excerpt":{"rendered":"<p>El Concejal de la Ilustre Municipalidad de Punta Arenas,&nbsp;Jos\u00e9 Becerra Carvajal, ingres\u00f3 un requerimiento ante la Contralor\u00eda General de la Rep\u00fablica para que este organismo se pronuncie sobre las posibles&#8230; <a class=\"read-more\" href=\"https:\/\/www.radiopresidenteibanez.cl\/web\/concejal-jose-becerra-solicita-pronunciamiento-de-contraloria-por-irregularidades-en-concurso-de-directores-de-cesfam-en-punta-arenas\/\">Leer m\u00e1s<\/a><\/p>\n","protected":false},"author":2,"featured_media":54796,"comment_status":"closed","ping_status":"closed","sticky":false,"template":"","format":"standard","meta":{"footnotes":""},"categories":[1],"tags":[],"class_list":["post-54795","post","type-post","status-publish","format-standard","has-post-thumbnail","hentry","category-cronica"],"_links":{"self":[{"href":"https:\/\/www.radiopresidenteibanez.cl\/web\/wp-json\/wp\/v2\/posts\/54795","targetHints":{"allow":["GET"]}}],"collection":[{"href":"https:\/\/www.radiopresidenteibanez.cl\/web\/wp-json\/wp\/v2\/posts"}],"about":[{"href":"https:\/\/www.radiopresidenteibanez.cl\/web\/wp-json\/wp\/v2\/types\/post"}],"author":[{"embeddable":true,"href":"https:\/\/www.radiopresidenteibanez.cl\/web\/wp-json\/wp\/v2\/users\/2"}],"replies":[{"embeddable":true,"href":"https:\/\/www.radiopresidenteibanez.cl\/web\/wp-json\/wp\/v2\/comments?post=54795"}],"version-history":[{"count":0,"href":"https:\/\/www.radiopresidenteibanez.cl\/web\/wp-json\/wp\/v2\/posts\/54795\/revisions"}],"wp:featuredmedia":[{"embeddable":true,"href":"https:\/\/www.radiopresidenteibanez.cl\/web\/wp-json\/wp\/v2\/media\/54796"}],"wp:attachment":[{"href":"https:\/\/www.radiopresidenteibanez.cl\/web\/wp-json\/wp\/v2\/media?parent=54795"}],"wp:term":[{"taxonomy":"category","embeddable":true,"href":"https:\/\/www.radiopresidenteibanez.cl\/web\/wp-json\/wp\/v2\/categories?post=54795"},{"taxonomy":"post_tag","embeddable":true,"href":"https:\/\/www.radiopresidenteibanez.cl\/web\/wp-json\/wp\/v2\/tags?post=54795"}],"curies":[{"name":"wp","href":"https:\/\/api.w.org\/{rel}","templated":true}]}}