{"id":54731,"date":"2025-03-04T13:49:00","date_gmt":"2025-03-04T16:49:00","guid":{"rendered":"https:\/\/www.radiopresidenteibanez.cl\/web\/?p=54731"},"modified":"2025-03-04T11:11:47","modified_gmt":"2025-03-04T14:11:47","slug":"equipos-educativos-de-fundacion-integra-fortalecen-competencias-para-una-educacion-transformadora","status":"publish","type":"post","link":"https:\/\/www.radiopresidenteibanez.cl\/web\/equipos-educativos-de-fundacion-integra-fortalecen-competencias-para-una-educacion-transformadora\/","title":{"rendered":"Equipos educativos de Fundaci\u00f3n Integra fortalecen competencias para una educacion transformadora"},"content":{"rendered":"\n<p>Los equipos educativos de los once jardines infantiles de Integra en nuestra regi\u00f3n y de todo el<br>pa\u00eds participaron ayer en el primer hito del Programa Nacional de Formaci\u00f3n Bienal 2025-2026,<br>que tiene como tema central \u201cEducaci\u00f3n transformadora para el desarrollo humano y sostenible:<br>un desaf\u00edo para equipos educativos de Fundaci\u00f3n Integra\u201d, y que se enmarca en el sistema de<br>formaci\u00f3n continua AprendeS.<br>Dicho programa est\u00e1 compuesto por cuatro hitos formativos por cada a\u00f1o, interrelacionados entre<br>s\u00ed, y su objetivo general es fortalecer conocimientos, habilidades y actitudes para promover, de<br>manera colaborativa, una educaci\u00f3n trasformadora basada en pr\u00e1cticas pedag\u00f3gicas y educativas<br>inclusivas y bientratantes, que valoren la diversidad de equipos, familias y comunidades.<br>El director regional de Integra, Alan Carrasco Concha, acompa\u00f1\u00f3 al equipo de la sala cuna y jard\u00edn<br>infantil Los Pioneros en la bienvenida a esta jornada, y destac\u00f3 que \u201ceste es un programa nacional<br>que tiene como prop\u00f3sito aportar al desarrollo humano y sostenible, fortaleciendo las<br>competencias en los equipos para promover una educaci\u00f3n trasformadora desde un enfoque<br>inclusivo, basada en pr\u00e1cticas oportunas, pertinentes y diversificadas a las caracter\u00edsticas de ni\u00f1as<br>y ni\u00f1os, que resguarden su bienestar integral y aprendizajes en el marco de los Proyectos<br>Educativos Institucionales\u201d.<br>Esta primera instancia de formaci\u00f3n se desarroll\u00f3 en cada establecimiento, con el<br>acompa\u00f1amiento del \u00e1rea de Calidad Educativa, cuyos integrantes se desplegaron en todo el<br>territorio (Punta Arenas, Puerto Natales y Porvenir). Comenz\u00f3 con un seminario online, que cont\u00f3<br>con la participaci\u00f3n del Director Ejecutivo de Fundaci\u00f3n Integra, Carlos Gonz\u00e1lez Rivas; la<br>coordinadora del \u00e1rea de Formaci\u00f3n Continua, M\u00f3nica Basaure, y el profesional del \u00e1rea, Eduardo<br>Fuentes; y las presentaciones de la acad\u00e9mica M\u00f3nica Manhey y de la presidenta de Fundaci\u00f3n<br>Integra, Mar\u00eda Victoria Peralta.<br>Posteriormente, los equipos educativos reorganizaron sus Comunidades Educativas en Acci\u00f3n<br>(CenA), para continuar profundizando sobre esta metodolog\u00eda y en los prop\u00f3sitos para la mejora<\/p>\n\n\n\n<p>continua de las pr\u00e1cticas pedag\u00f3gicas. Esta instancia tambi\u00e9n permiti\u00f3 conectar los aprendizajes<br>individuales y colectivos alcanzados en el a\u00f1o 2024, otorgando espacios para el di\u00e1logo, la<br>reflexi\u00f3n y la acci\u00f3n.<br>Fundaci\u00f3n Integra, con 34 a\u00f1os de experiencia y m\u00e1s de 1.200 salas cuna y jardines infantiles<br>gratuitos en todo el pa\u00eds, trabaja para que ni\u00f1as y ni\u00f1os alcancen su desarrollo pleno, bienestar<br>integral y aprendizajes significativos, a trav\u00e9s de su protagonismo en espacios educativos<br>amorosos, inclusivos, diversos y de calidad.<\/p>\n","protected":false},"excerpt":{"rendered":"<p>Los equipos educativos de los once jardines infantiles de Integra en nuestra regi\u00f3n y de todo elpa\u00eds participaron ayer en el primer hito del Programa Nacional de Formaci\u00f3n Bienal 2025-2026,que&#8230; <a class=\"read-more\" href=\"https:\/\/www.radiopresidenteibanez.cl\/web\/equipos-educativos-de-fundacion-integra-fortalecen-competencias-para-una-educacion-transformadora\/\">Leer m\u00e1s<\/a><\/p>\n","protected":false},"author":2,"featured_media":54732,"comment_status":"closed","ping_status":"closed","sticky":false,"template":"","format":"standard","meta":{"footnotes":""},"categories":[1],"tags":[],"class_list":["post-54731","post","type-post","status-publish","format-standard","has-post-thumbnail","hentry","category-cronica"],"_links":{"self":[{"href":"https:\/\/www.radiopresidenteibanez.cl\/web\/wp-json\/wp\/v2\/posts\/54731","targetHints":{"allow":["GET"]}}],"collection":[{"href":"https:\/\/www.radiopresidenteibanez.cl\/web\/wp-json\/wp\/v2\/posts"}],"about":[{"href":"https:\/\/www.radiopresidenteibanez.cl\/web\/wp-json\/wp\/v2\/types\/post"}],"author":[{"embeddable":true,"href":"https:\/\/www.radiopresidenteibanez.cl\/web\/wp-json\/wp\/v2\/users\/2"}],"replies":[{"embeddable":true,"href":"https:\/\/www.radiopresidenteibanez.cl\/web\/wp-json\/wp\/v2\/comments?post=54731"}],"version-history":[{"count":0,"href":"https:\/\/www.radiopresidenteibanez.cl\/web\/wp-json\/wp\/v2\/posts\/54731\/revisions"}],"wp:featuredmedia":[{"embeddable":true,"href":"https:\/\/www.radiopresidenteibanez.cl\/web\/wp-json\/wp\/v2\/media\/54732"}],"wp:attachment":[{"href":"https:\/\/www.radiopresidenteibanez.cl\/web\/wp-json\/wp\/v2\/media?parent=54731"}],"wp:term":[{"taxonomy":"category","embeddable":true,"href":"https:\/\/www.radiopresidenteibanez.cl\/web\/wp-json\/wp\/v2\/categories?post=54731"},{"taxonomy":"post_tag","embeddable":true,"href":"https:\/\/www.radiopresidenteibanez.cl\/web\/wp-json\/wp\/v2\/tags?post=54731"}],"curies":[{"name":"wp","href":"https:\/\/api.w.org\/{rel}","templated":true}]}}