{"id":54725,"date":"2025-03-04T11:07:00","date_gmt":"2025-03-04T14:07:00","guid":{"rendered":"https:\/\/www.radiopresidenteibanez.cl\/web\/?p=54725"},"modified":"2025-03-04T10:57:59","modified_gmt":"2025-03-04T13:57:59","slug":"productores-de-magallanes-viajan-a-chiloe-para-fortalecer-practicas-agroecologicas","status":"publish","type":"post","link":"https:\/\/www.radiopresidenteibanez.cl\/web\/productores-de-magallanes-viajan-a-chiloe-para-fortalecer-practicas-agroecologicas\/","title":{"rendered":"Productores de Magallanes viajan a Chilo\u00e9 para fortalecer pr\u00e1cticas agroecol\u00f3gicas"},"content":{"rendered":"\n<p>Diez productores ganaderos y hort\u00edcolas de Puerto Williams, Porvenir, Punta Arenas y Puerto Natales participar\u00e1n en una gira t\u00e9cnica a Chilo\u00e9 para conocer experiencias agroecol\u00f3gicas exitosas y fortalecer sus pr\u00e1cticas productivas. La actividad, que se desarrollar\u00e1 entre el 3 y el 9 de marzo, es impulsada por la Fundaci\u00f3n para la Innovaci\u00f3n Agraria (FIA) y el Instituto de Desarrollo Agropecuario (INDAP) en el marco del Programa de Adopci\u00f3n de Innovaciones.<\/p>\n\n\n\n<p>Durante una semana, los participantes visitar\u00e1n iniciativas vinculadas a la gesti\u00f3n y conservaci\u00f3n de semillas, la valorizaci\u00f3n del patrimonio agroalimentario, la agregaci\u00f3n de valor a productos campesinos y la ganader\u00eda agroecol\u00f3gica con enfoque silvopastoril. La gira estar\u00e1 guiada por Carlos Venegas Valdebenito, director del Centro de Educaci\u00f3n y Tecnolog\u00eda (CET) Chilo\u00e9, quien dise\u00f1\u00f3 el programa considerando la realidad productiva de Magallanes.<\/p>\n\n\n\n<p>\u201cEl Programa de Adopci\u00f3n de Innovaciones de FIA ha sido fundamental estos \u00faltimos tres a\u00f1os, trayendo a Magallanes experiencias concretas de personas y organizaciones que han trabajado exitosa y meticulosamente por la sostenibilidad de la producci\u00f3n agr\u00edcola de sus territorios. Gracias a esta colaboraci\u00f3n entre servicios del MINAGRI, los usuarios de INDAP y asesores t\u00e9cnicos que viajaron, regresar\u00e1n con nuevos v\u00ednculos y perspectivas para innovar y ser\u00e1n ellas y ellos los mejores profesores para transmitir el conocimiento\u201d, destac\u00f3 Gabriel Zegers, director regional de INDAP.<\/p>\n\n\n\n<p>Para los agricultores, esta&nbsp;instancia representa una oportunidad clave para fortalecer su producci\u00f3n en un contexto desafiante. \u201cLa agroecolog\u00eda no es solo una forma de cultivar, es una filosof\u00eda de vida que nos conecta con la tierra y nos permite producir de manera sustentable. Esta gira nos ayudar\u00e1 a incorporar pr\u00e1cticas que cuiden el suelo y garanticen alimentos sanos para las futuras generaciones\u201d, se\u00f1al\u00f3 Mariela Melipich\u00fan, productora hort\u00edcola de Puerto Natales.<\/p>\n\n\n\n<p>El itinerario contempla visitas a unidades productivas de sidra, destilados y vinagres de manzana, la producci\u00f3n org\u00e1nica de hortalizas y semillas tradicionales, la elaboraci\u00f3n de queso de oveja y sistemas ganaderos que integran la conservaci\u00f3n del bosque nativo. Tambi\u00e9n se conocer\u00e1n emprendimientos con certificaci\u00f3n SIPAM (Sistema Ingenioso del Patrimonio Agr\u00edcola Mundial), reconocidos por su contribuci\u00f3n a la biodiversidad y la seguridad alimentaria.<\/p>\n\n\n\n<p>\u201cEste tipo de gira es una muestra del compromiso y el esfuerzo por ofrecer oportunidades de aprendizaje a quienes producen el alimento. No se trata solo de ver experiencias, sino de hacer de Chilo\u00e9 una gran sala de clases, donde los productores de Magallanes puedan llevarse herramientas concretas para mejorar sus pr\u00e1cticas. La experiencia y los conocimientos adquiridos ser\u00e1n fundamentales para enfrentar los desaf\u00edos del cambio clim\u00e1tico y fortalecer el trabajo en equipo\u201d, resalt\u00f3 Felipe Mart\u00ednez, jefe de Fomento de INDAP en Magallanes.<\/p>\n\n\n\n<p>Por su parte, Kurt Knobel, agricultor suizo residente en Puerto Natales hace m\u00e1s de cinco a\u00f1os, valor\u00f3 la instancia como una oportunidad \u00fanica para mejorar su producci\u00f3n a cielo abierto. \u201cEste tipo de iniciativas nos acercan a nuevas formas de trabajar la tierra, m\u00e1s eficientes y respetuosas con el medioambiente. Queremos producir mejor, con menos impacto y m\u00e1s resiliencia\u201d, destac\u00f3.<\/p>\n\n\n\n<p>Y es que para los productores de Magallanes, este viaje representa mucho m\u00e1s que una capacitaci\u00f3n: es la posibilidad de integrar conocimientos innovadores y aplicar estrategias que fortalezcan la agricultura familiar y la soberan\u00eda alimentaria de la regi\u00f3n.<\/p>\n\n\n\n<p>La gira concluir\u00e1 con una jornada de reflexi\u00f3n sobre los aprendizajes adquiridos y una visita a sitios patrimoniales y tur\u00edsticos de Chilo\u00e9.&nbsp;<\/p>\n","protected":false},"excerpt":{"rendered":"<p>Diez productores ganaderos y hort\u00edcolas de Puerto Williams, Porvenir, Punta Arenas y Puerto Natales participar\u00e1n en una gira t\u00e9cnica a Chilo\u00e9 para conocer experiencias agroecol\u00f3gicas exitosas y fortalecer sus pr\u00e1cticas&#8230; <a class=\"read-more\" href=\"https:\/\/www.radiopresidenteibanez.cl\/web\/productores-de-magallanes-viajan-a-chiloe-para-fortalecer-practicas-agroecologicas\/\">Leer m\u00e1s<\/a><\/p>\n","protected":false},"author":2,"featured_media":54726,"comment_status":"closed","ping_status":"closed","sticky":false,"template":"","format":"standard","meta":{"footnotes":""},"categories":[1],"tags":[],"class_list":["post-54725","post","type-post","status-publish","format-standard","has-post-thumbnail","hentry","category-cronica"],"_links":{"self":[{"href":"https:\/\/www.radiopresidenteibanez.cl\/web\/wp-json\/wp\/v2\/posts\/54725","targetHints":{"allow":["GET"]}}],"collection":[{"href":"https:\/\/www.radiopresidenteibanez.cl\/web\/wp-json\/wp\/v2\/posts"}],"about":[{"href":"https:\/\/www.radiopresidenteibanez.cl\/web\/wp-json\/wp\/v2\/types\/post"}],"author":[{"embeddable":true,"href":"https:\/\/www.radiopresidenteibanez.cl\/web\/wp-json\/wp\/v2\/users\/2"}],"replies":[{"embeddable":true,"href":"https:\/\/www.radiopresidenteibanez.cl\/web\/wp-json\/wp\/v2\/comments?post=54725"}],"version-history":[{"count":0,"href":"https:\/\/www.radiopresidenteibanez.cl\/web\/wp-json\/wp\/v2\/posts\/54725\/revisions"}],"wp:featuredmedia":[{"embeddable":true,"href":"https:\/\/www.radiopresidenteibanez.cl\/web\/wp-json\/wp\/v2\/media\/54726"}],"wp:attachment":[{"href":"https:\/\/www.radiopresidenteibanez.cl\/web\/wp-json\/wp\/v2\/media?parent=54725"}],"wp:term":[{"taxonomy":"category","embeddable":true,"href":"https:\/\/www.radiopresidenteibanez.cl\/web\/wp-json\/wp\/v2\/categories?post=54725"},{"taxonomy":"post_tag","embeddable":true,"href":"https:\/\/www.radiopresidenteibanez.cl\/web\/wp-json\/wp\/v2\/tags?post=54725"}],"curies":[{"name":"wp","href":"https:\/\/api.w.org\/{rel}","templated":true}]}}