{"id":54719,"date":"2025-03-04T08:31:31","date_gmt":"2025-03-04T11:31:31","guid":{"rendered":"https:\/\/www.radiopresidenteibanez.cl\/web\/?p=54719"},"modified":"2025-03-04T08:31:39","modified_gmt":"2025-03-04T11:31:39","slug":"simulan-accidente-de-trabajador-para-poner-a-prueba-los-sistemas-de-reaccion","status":"publish","type":"post","link":"https:\/\/www.radiopresidenteibanez.cl\/web\/simulan-accidente-de-trabajador-para-poner-a-prueba-los-sistemas-de-reaccion\/","title":{"rendered":"SIMULAN ACCIDENTE DE TRABAJADOR PARA PONER A PRUEBA LOS SISTEMAS DE REACCI\u00d3N"},"content":{"rendered":"\n<p>&nbsp;Los protocolos de seguridad al interior de una empresa, a diario ponen a prueba su eficacia. El auto cuidado, oportunidades de mejora, elementos de protecci\u00f3n personal, (EPP), charlas y capacitaciones, apuntan a evitar que los accidentes ocurran. Salir y volver al hogar sin novedades que lamentar, es la premisa.&nbsp;Por ello, Aguas Magallanes en coordinaci\u00f3n con la Primera Compa\u00f1\u00eda de Bomberos de Porvenir, pusieron en marcha un simulacro de emergencia, que en esta oportunidad consisti\u00f3 en el rescate de un colaborador.&nbsp;<\/p>\n\n\n\n<p>El ejercicio se trat\u00f3 de un trabajador que habr\u00eda ingresado, supuestamente, a una planta elevadora de aguas servidas, sin realizar la medici\u00f3n de gases, ni ventilaci\u00f3n adecuada, quien adem\u00e1s no contaba con sus EPP adecuados para un recinto confinado, sufriendo un desmayo. Dicha situaci\u00f3n&nbsp;pudo tener consecuencias insospechadas, de no haber sido por un equipo de inspectores comerciales -quienes durante un recorrido habitual por las operaciones- se percataron de la presencia del trabajador al interior de la c\u00e1mara. Debido al riesgo de inhalaci\u00f3n no pudieron ingresar para el rescate, por lo que procedieron a contactar de inmediato a bomberos, dando tambi\u00e9n aviso a la jefatura directa, y continuar con el protocolo establecido para este tipo de accidente.<\/p>\n\n\n\n<p>Una vez en el lugar, bomberos procedi\u00f3 a realizar las maniobras de salvataje de acuerdo al protocolo correspondiente, desplegando los recursos humanos y t\u00e9cnicos para el rescate efectivo, revisi\u00f3n de los signos vitales y cierre de la atenci\u00f3n, operativo que estuvo a cargo del teniente primero, Carlos Dur\u00e1n \u00c1lvarez.<\/p>\n\n\n\n<p>Al finalizar el simulacro, tanto personal de Aguas Magallanes, contratistas de emergencia, medioambiente, Comit\u00e9 Paritario de Higiene y Seguridad, y departamento de prevenci\u00f3n, valoraron la experiencia. Al respecto, Jorge Paranchiguay Per\u00e1n, capit\u00e1n de la Primera Compa\u00f1\u00eda de Porvenir, Bomba Tierra del Fuego, coment\u00f3 que fue una experiencia enriquecedora para ellos, dado que son accidentes poco comunes. \u00abComo equipo debemos estar preparados para enfrentar este tipo de situaciones. El objetivo apunta precisamente a ello: ganar experiencia, evitar y prevenir que ocurran accidentes como este\u00bb, destac\u00f3.<\/p>\n","protected":false},"excerpt":{"rendered":"<p>&nbsp;Los protocolos de seguridad al interior de una empresa, a diario ponen a prueba su eficacia. El auto cuidado, oportunidades de mejora, elementos de protecci\u00f3n personal, (EPP), charlas y capacitaciones,&#8230; <a class=\"read-more\" href=\"https:\/\/www.radiopresidenteibanez.cl\/web\/simulan-accidente-de-trabajador-para-poner-a-prueba-los-sistemas-de-reaccion\/\">Leer m\u00e1s<\/a><\/p>\n","protected":false},"author":2,"featured_media":54720,"comment_status":"closed","ping_status":"closed","sticky":false,"template":"","format":"standard","meta":{"footnotes":""},"categories":[1],"tags":[],"class_list":["post-54719","post","type-post","status-publish","format-standard","has-post-thumbnail","hentry","category-cronica"],"_links":{"self":[{"href":"https:\/\/www.radiopresidenteibanez.cl\/web\/wp-json\/wp\/v2\/posts\/54719","targetHints":{"allow":["GET"]}}],"collection":[{"href":"https:\/\/www.radiopresidenteibanez.cl\/web\/wp-json\/wp\/v2\/posts"}],"about":[{"href":"https:\/\/www.radiopresidenteibanez.cl\/web\/wp-json\/wp\/v2\/types\/post"}],"author":[{"embeddable":true,"href":"https:\/\/www.radiopresidenteibanez.cl\/web\/wp-json\/wp\/v2\/users\/2"}],"replies":[{"embeddable":true,"href":"https:\/\/www.radiopresidenteibanez.cl\/web\/wp-json\/wp\/v2\/comments?post=54719"}],"version-history":[{"count":0,"href":"https:\/\/www.radiopresidenteibanez.cl\/web\/wp-json\/wp\/v2\/posts\/54719\/revisions"}],"wp:featuredmedia":[{"embeddable":true,"href":"https:\/\/www.radiopresidenteibanez.cl\/web\/wp-json\/wp\/v2\/media\/54720"}],"wp:attachment":[{"href":"https:\/\/www.radiopresidenteibanez.cl\/web\/wp-json\/wp\/v2\/media?parent=54719"}],"wp:term":[{"taxonomy":"category","embeddable":true,"href":"https:\/\/www.radiopresidenteibanez.cl\/web\/wp-json\/wp\/v2\/categories?post=54719"},{"taxonomy":"post_tag","embeddable":true,"href":"https:\/\/www.radiopresidenteibanez.cl\/web\/wp-json\/wp\/v2\/tags?post=54719"}],"curies":[{"name":"wp","href":"https:\/\/api.w.org\/{rel}","templated":true}]}}