{"id":54706,"date":"2025-03-03T15:57:00","date_gmt":"2025-03-03T18:57:00","guid":{"rendered":"https:\/\/www.radiopresidenteibanez.cl\/web\/?p=54706"},"modified":"2025-03-03T15:14:51","modified_gmt":"2025-03-03T18:14:51","slug":"autoridades-regionales-llaman-a-revisar-registro-de-inhabilidades-para-proteger-a-ninas-ninos-y-adolescentes","status":"publish","type":"post","link":"https:\/\/www.radiopresidenteibanez.cl\/web\/autoridades-regionales-llaman-a-revisar-registro-de-inhabilidades-para-proteger-a-ninas-ninos-y-adolescentes\/","title":{"rendered":"AUTORIDADES REGIONALES LLAMAN A REVISAR REGISTRO DE INHABILIDADES PARA PROTEGER A NI\u00d1AS, NI\u00d1OS Y ADOLESCENTES"},"content":{"rendered":"\n<p>A pocos d\u00edas del inicio del a\u00f1o escolar 2025, las Secretar\u00edas Regionales Ministeriales de Justicia y<br>Derechos Humanos, y de Educaci\u00f3n, junto al Servicio de Registro Civil e Identificaci\u00f3n, hicieron un<br>llamado a madres, padres y apoderados a consultar el Registro de Inhabilidades para Trabajar con<br>Menores de Edad antes de contratar servicios relacionados con la educaci\u00f3n y el cuidado de ni\u00f1as,<br>ni\u00f1os y adolescentes como transporte escolar, clases particulares u otros.<\/p>\n\n\n\n<p>La Seremi de Justicia y Derechos Humanos, Michelle Peutat Alvarado, enfatiz\u00f3 la importancia del<br>uso de esta herramienta de prevenci\u00f3n: \u00abEl Registro Civil cumple un rol clave en la protecci\u00f3n de la<br>infancia, administrando y actualizando este registro para garantizar que las personas que trabajan<br>con menores no tengan antecedentes de inhabilitaci\u00f3n. En este inicio de a\u00f1o escolar, instamos a la<br>comunidad a revisar gratuitamente esta informaci\u00f3n para resguardar la seguridad de nuestros<br>ni\u00f1os y ni\u00f1as en Magallanes y en todo el pa\u00eds\u201d.<\/p>\n\n\n\n<p>Asimismo, destac\u00f3 que la consulta es r\u00e1pida y confiable, ya que se actualiza con informaci\u00f3n<br>proporcionada por los tribunales de justicia. \u00abAcceder a estos antecedentes es sencillo y puede<br>prevenir situaciones de riesgo. La verificaci\u00f3n se realiza en l\u00ednea a trav\u00e9s de www.registrocivil.cl\u00bb,<br>explic\u00f3 la autoridad.<\/p>\n\n\n\n<p>Por su parte, el Seremi de Educaci\u00f3n, Valent\u00edn Aguilera G\u00f3mez, resalt\u00f3 la relevancia de esta<br>certificaci\u00f3n en los establecimientos educacionales: \u00abEl Certificado de Registro de Inhabilidades es<br>un documento fundamental que brinda seguridad y tranquilidad a las familias y comunidades<br>educativas. Verificar que todas las personas que trabajan en jardines infantiles, escuelas y liceos<br>cuenten con un historial intachable es una responsabilidad que se fiscaliza de manera permanente<br>a trav\u00e9s de la Superintendencia de Educaci\u00f3n\u201d.<\/p>\n\n\n\n<p>A su vez, la Directora Regional del Registro Civil, Lorena Bustamante N\u00fa\u00f1ez, inform\u00f3 que desde la<br>creaci\u00f3n del registro en 2012, se han realizado m\u00e1s de 16 millones de consultas a nivel nacional,<br>consolid\u00e1ndose como una herramienta de gran utilidad para la ciudadan\u00eda. Adem\u00e1s, precis\u00f3 que,<br>al 31 de enero de 2025, el Registro de Inhabilidades cuenta con 17.832 personas inscritas a nivel<br>nacional, de las cuales 300 corresponden a la Regi\u00f3n de Magallanes (299 hombres y una mujer).<\/p>\n\n\n\n<p>Para revisar el registro, solo es necesario ingresar al sitio web del Registro Civil<br>(www.registrocivil.cl) y acceder a la secci\u00f3n \u00abConsulta de inhabilidades para trabajar con menores<br>de edad\u00bb.<\/p>\n","protected":false},"excerpt":{"rendered":"<p>A pocos d\u00edas del inicio del a\u00f1o escolar 2025, las Secretar\u00edas Regionales Ministeriales de Justicia yDerechos Humanos, y de Educaci\u00f3n, junto al Servicio de Registro Civil e Identificaci\u00f3n, hicieron unllamado&#8230; <a class=\"read-more\" href=\"https:\/\/www.radiopresidenteibanez.cl\/web\/autoridades-regionales-llaman-a-revisar-registro-de-inhabilidades-para-proteger-a-ninas-ninos-y-adolescentes\/\">Leer m\u00e1s<\/a><\/p>\n","protected":false},"author":2,"featured_media":54707,"comment_status":"closed","ping_status":"closed","sticky":false,"template":"","format":"standard","meta":{"footnotes":""},"categories":[1],"tags":[],"class_list":["post-54706","post","type-post","status-publish","format-standard","has-post-thumbnail","hentry","category-cronica"],"_links":{"self":[{"href":"https:\/\/www.radiopresidenteibanez.cl\/web\/wp-json\/wp\/v2\/posts\/54706","targetHints":{"allow":["GET"]}}],"collection":[{"href":"https:\/\/www.radiopresidenteibanez.cl\/web\/wp-json\/wp\/v2\/posts"}],"about":[{"href":"https:\/\/www.radiopresidenteibanez.cl\/web\/wp-json\/wp\/v2\/types\/post"}],"author":[{"embeddable":true,"href":"https:\/\/www.radiopresidenteibanez.cl\/web\/wp-json\/wp\/v2\/users\/2"}],"replies":[{"embeddable":true,"href":"https:\/\/www.radiopresidenteibanez.cl\/web\/wp-json\/wp\/v2\/comments?post=54706"}],"version-history":[{"count":0,"href":"https:\/\/www.radiopresidenteibanez.cl\/web\/wp-json\/wp\/v2\/posts\/54706\/revisions"}],"wp:featuredmedia":[{"embeddable":true,"href":"https:\/\/www.radiopresidenteibanez.cl\/web\/wp-json\/wp\/v2\/media\/54707"}],"wp:attachment":[{"href":"https:\/\/www.radiopresidenteibanez.cl\/web\/wp-json\/wp\/v2\/media?parent=54706"}],"wp:term":[{"taxonomy":"category","embeddable":true,"href":"https:\/\/www.radiopresidenteibanez.cl\/web\/wp-json\/wp\/v2\/categories?post=54706"},{"taxonomy":"post_tag","embeddable":true,"href":"https:\/\/www.radiopresidenteibanez.cl\/web\/wp-json\/wp\/v2\/tags?post=54706"}],"curies":[{"name":"wp","href":"https:\/\/api.w.org\/{rel}","templated":true}]}}