{"id":54696,"date":"2025-03-03T11:47:00","date_gmt":"2025-03-03T14:47:00","guid":{"rendered":"https:\/\/www.radiopresidenteibanez.cl\/web\/?p=54696"},"modified":"2025-03-03T10:23:22","modified_gmt":"2025-03-03T13:23:22","slug":"delegado-presidencial-senalo-que-los-parques-urbanos-alfredo-lorca-y-villa-las-nieves-entregaran-mayor-seguridad-a-los-vecinos","status":"publish","type":"post","link":"https:\/\/www.radiopresidenteibanez.cl\/web\/delegado-presidencial-senalo-que-los-parques-urbanos-alfredo-lorca-y-villa-las-nieves-entregaran-mayor-seguridad-a-los-vecinos\/","title":{"rendered":"DELEGADO PRESIDENCIAL JOSE RUIZ \u00abLOS PARQUES URBANOS ALFREDO LORCA Y VILLA LAS NIEVES ENTREGARAN MAYOR SEGURIDAD A LOS VECINOS\u00bb"},"content":{"rendered":"\n<p>En el programa Actualidad Noticiosa, de nuestra emisora el delegado presidencial Jose Ruiz, indico  que en la regi\u00f3n habr\u00e1n importantes avances en temas territoriales cumpliendo con los compromisos del gobierno que se han dado a conocer a la comunidad<\/p>\n\n\n\n<p>Entre los proyectos mas destacados est\u00e1n los parques urbanos del sector Alfredo Lorca y Villa las Nieves los cuales entregaran mas espacios de esparcimiento para nuestros ni\u00f1os, ni\u00f1as, jovenes y vecinos en general y poder as\u00ed tambi\u00e9n entregar mayor seguridad a los habitantes de la ciudad.<\/p>\n","protected":false},"excerpt":{"rendered":"<p>En el programa Actualidad Noticiosa, de nuestra emisora el delegado presidencial Jose Ruiz, indico que en la regi\u00f3n habr\u00e1n importantes avances en temas territoriales cumpliendo con los compromisos del gobierno&#8230; <a class=\"read-more\" href=\"https:\/\/www.radiopresidenteibanez.cl\/web\/delegado-presidencial-senalo-que-los-parques-urbanos-alfredo-lorca-y-villa-las-nieves-entregaran-mayor-seguridad-a-los-vecinos\/\">Leer m\u00e1s<\/a><\/p>\n","protected":false},"author":2,"featured_media":54697,"comment_status":"closed","ping_status":"closed","sticky":false,"template":"","format":"standard","meta":{"footnotes":""},"categories":[1],"tags":[],"class_list":["post-54696","post","type-post","status-publish","format-standard","has-post-thumbnail","hentry","category-cronica"],"_links":{"self":[{"href":"https:\/\/www.radiopresidenteibanez.cl\/web\/wp-json\/wp\/v2\/posts\/54696","targetHints":{"allow":["GET"]}}],"collection":[{"href":"https:\/\/www.radiopresidenteibanez.cl\/web\/wp-json\/wp\/v2\/posts"}],"about":[{"href":"https:\/\/www.radiopresidenteibanez.cl\/web\/wp-json\/wp\/v2\/types\/post"}],"author":[{"embeddable":true,"href":"https:\/\/www.radiopresidenteibanez.cl\/web\/wp-json\/wp\/v2\/users\/2"}],"replies":[{"embeddable":true,"href":"https:\/\/www.radiopresidenteibanez.cl\/web\/wp-json\/wp\/v2\/comments?post=54696"}],"version-history":[{"count":0,"href":"https:\/\/www.radiopresidenteibanez.cl\/web\/wp-json\/wp\/v2\/posts\/54696\/revisions"}],"wp:featuredmedia":[{"embeddable":true,"href":"https:\/\/www.radiopresidenteibanez.cl\/web\/wp-json\/wp\/v2\/media\/54697"}],"wp:attachment":[{"href":"https:\/\/www.radiopresidenteibanez.cl\/web\/wp-json\/wp\/v2\/media?parent=54696"}],"wp:term":[{"taxonomy":"category","embeddable":true,"href":"https:\/\/www.radiopresidenteibanez.cl\/web\/wp-json\/wp\/v2\/categories?post=54696"},{"taxonomy":"post_tag","embeddable":true,"href":"https:\/\/www.radiopresidenteibanez.cl\/web\/wp-json\/wp\/v2\/tags?post=54696"}],"curies":[{"name":"wp","href":"https:\/\/api.w.org\/{rel}","templated":true}]}}