{"id":54693,"date":"2025-03-03T10:42:00","date_gmt":"2025-03-03T13:42:00","guid":{"rendered":"https:\/\/www.radiopresidenteibanez.cl\/web\/?p=54693"},"modified":"2025-03-03T09:43:50","modified_gmt":"2025-03-03T12:43:50","slug":"yo-no-te-puedo-entregar-un-corazon-apagado-cuando-falla-el-del-costado-no-hay-nada-que-conversar-canta-alfredo-zitarrosa","status":"publish","type":"post","link":"https:\/\/www.radiopresidenteibanez.cl\/web\/yo-no-te-puedo-entregar-un-corazon-apagado-cuando-falla-el-del-costado-no-hay-nada-que-conversar-canta-alfredo-zitarrosa\/","title":{"rendered":"Yo no te puedo entregar un coraz\u00f3n apagado cuando falla el del costado no hay nada que conversar..\u00bb canta Alfredo Zitarrosa"},"content":{"rendered":"\n<p>Decir primero que fue una buena tirada de orejas la que nos dieron y que ya hemos enmendado en el programa radial del sabado 1 de marzo.<br>Es necesario reiterar, habida cuenta de que sigue sin saberse nada, que Julia Chu\u00f1ir Catricura, 72 a\u00f1os, defensora de derechos humanos ind\u00edgenas y presidenta de la comunidad mapuche de Putregel en la comuna de M\u00e1fil, regi\u00f3n de los R\u00edos, sali\u00f3 de su casa el 8 de noviembre de 2024 y hasta la fecha no hay noticias de su paradero ni razones para su desaparici\u00f3n. Tambi\u00e9n es una obligaci\u00f3n decir que estaba en problemas con vecinos terratenientes pues se negaba a vender sus tierras.<br>Un familiar di\u00f3 cuenta de que luego de una b\u00fasqueda, s\u00f3lo se logr\u00f3 encontrar en un lugar bastante complejo por donde ella sol\u00eda transitar, unas pocas comunes huellas de neum\u00e1tico. Como la investigaci\u00f3n es secreta, hasta ahora no hay mayores antecedentes.<\/p>\n\n\n\n<p>2.- Fue una buena tirada de orejas, pues no nos hab\u00edamos referido a lo que acontece con la se\u00f1ora Julia, con la fuerza que debimos hacerlo.<br>Y es que se trata de un nuevo caso de desaparici\u00f3n de personas, que sin embargo no recibe el mismo tratamiento que otros de similar connotaci\u00f3n de parte de los medios de comunicaci\u00f3n, salvo honrosas excepciones que son s\u00f3lo eso, excepciones.<br>Basta solo recordar que a\u00fan no se sabe nada de la suerte corrida por Jose Huenante de 16 a\u00f1os. desaparecido desde el 3 de septiembre de 2005 despu\u00e9s de ser detenido por carabineros.<br>Es una obligaci\u00f3n de todos demandar investigaci\u00f3n acuciosa, que se determinen culpables y se les sancione ejemplarmente.<\/p>\n","protected":false},"excerpt":{"rendered":"<p>Decir primero que fue una buena tirada de orejas la que nos dieron y que ya hemos enmendado en el programa radial del sabado 1 de marzo.Es necesario reiterar, habida&#8230; <a class=\"read-more\" href=\"https:\/\/www.radiopresidenteibanez.cl\/web\/yo-no-te-puedo-entregar-un-corazon-apagado-cuando-falla-el-del-costado-no-hay-nada-que-conversar-canta-alfredo-zitarrosa\/\">Leer m\u00e1s<\/a><\/p>\n","protected":false},"author":2,"featured_media":54694,"comment_status":"closed","ping_status":"closed","sticky":false,"template":"","format":"standard","meta":{"footnotes":""},"categories":[1],"tags":[],"class_list":["post-54693","post","type-post","status-publish","format-standard","has-post-thumbnail","hentry","category-cronica"],"_links":{"self":[{"href":"https:\/\/www.radiopresidenteibanez.cl\/web\/wp-json\/wp\/v2\/posts\/54693","targetHints":{"allow":["GET"]}}],"collection":[{"href":"https:\/\/www.radiopresidenteibanez.cl\/web\/wp-json\/wp\/v2\/posts"}],"about":[{"href":"https:\/\/www.radiopresidenteibanez.cl\/web\/wp-json\/wp\/v2\/types\/post"}],"author":[{"embeddable":true,"href":"https:\/\/www.radiopresidenteibanez.cl\/web\/wp-json\/wp\/v2\/users\/2"}],"replies":[{"embeddable":true,"href":"https:\/\/www.radiopresidenteibanez.cl\/web\/wp-json\/wp\/v2\/comments?post=54693"}],"version-history":[{"count":0,"href":"https:\/\/www.radiopresidenteibanez.cl\/web\/wp-json\/wp\/v2\/posts\/54693\/revisions"}],"wp:featuredmedia":[{"embeddable":true,"href":"https:\/\/www.radiopresidenteibanez.cl\/web\/wp-json\/wp\/v2\/media\/54694"}],"wp:attachment":[{"href":"https:\/\/www.radiopresidenteibanez.cl\/web\/wp-json\/wp\/v2\/media?parent=54693"}],"wp:term":[{"taxonomy":"category","embeddable":true,"href":"https:\/\/www.radiopresidenteibanez.cl\/web\/wp-json\/wp\/v2\/categories?post=54693"},{"taxonomy":"post_tag","embeddable":true,"href":"https:\/\/www.radiopresidenteibanez.cl\/web\/wp-json\/wp\/v2\/tags?post=54693"}],"curies":[{"name":"wp","href":"https:\/\/api.w.org\/{rel}","templated":true}]}}