{"id":54611,"date":"2025-02-26T16:53:00","date_gmt":"2025-02-26T19:53:00","guid":{"rendered":"https:\/\/www.radiopresidenteibanez.cl\/web\/?p=54611"},"modified":"2025-02-26T10:17:33","modified_gmt":"2025-02-26T13:17:33","slug":"beneficiario-de-pgu-que-estuvo-a-punto-de-perder-su-beneficio-logro-cobrar-pagos-atrasados","status":"publish","type":"post","link":"https:\/\/www.radiopresidenteibanez.cl\/web\/beneficiario-de-pgu-que-estuvo-a-punto-de-perder-su-beneficio-logro-cobrar-pagos-atrasados\/","title":{"rendered":"Beneficiario de PGU, que estuvo a punto de perder su beneficio, logr\u00f3 cobrar pagos atrasados"},"content":{"rendered":"\n<p>Don V\u00edctor Paredes es asistente de la educaci\u00f3n, habitante de la comuna de Laguna Blanca y, adem\u00e1s, sin saberlo, beneficiario de la Pensi\u00f3n Garantizada Universal (PGU) desde octubre del a\u00f1o 2024, situaci\u00f3n que puso en riesgo la suspensi\u00f3n de su beneficio por no haber realizado el cobro respectivo durante ese per\u00edodo.<\/p>\n\n\n\n<p>\u201cYo no sab\u00eda de mis pagos, no ten\u00eda la informaci\u00f3n. La gente de la municipalidad de Laguna Blanca me contact\u00f3 y ah\u00ed supe que ten\u00eda casi cinco meses sin cobrar. Hago un llamado a las personas que creen que les corresponde alg\u00fan pago, que hagan los tr\u00e1mites y consulten, para que no se pierdan sus beneficios\u201d, fueron las palabras de don V\u00edctor tras acudir al IPS y recibir su cheque correspondiente a cinco meses de pago de la PGU.<\/p>\n\n\n\n<p>A trav\u00e9s de un convenio de colaboraci\u00f3n que suscribe el Instituto de Previsi\u00f3n Social (IPS) con las diferentes municipalidades de la regi\u00f3n -en este caso, gracias al convenio con Laguna Blanca- don V\u00edctor pudo ser contactado y cobrar sus pagos acumulados a un mes de vencer su beneficio.<\/p>\n\n\n\n<p>Al ser informado sobre su situaci\u00f3n, se le solicit\u00f3 que asistiera a la sucursal de Punta Arenas el jueves 20 de febrero, donde el personal del IPS logr\u00f3 regularizar el pago de los cinco meses pendientes. Adem\u00e1s, se cambi\u00f3 la modalidad de pago a Cuenta RUT, permiti\u00e9ndole a don V\u00edctor retirar su pensi\u00f3n de manera electr\u00f3nica desde cualquier cajero autom\u00e1tico o sucursal de Banco Estado en el pa\u00eds, facilitando su acceso al pago y asegurando que pueda acceder a este vital aporte de forma regular.<\/p>\n\n\n\n<p>\u201cEstamos muy contentas de ver los esfuerzos realizados por los equipos, tanto del Instituto de Previsi\u00f3n Social y, en este caso, tambi\u00e9n de la Municipalidad de Laguna Blanca, con la que tenemos un convenio vigente que nos ha permitido, entre otras cosas, dar vida a un punto de atenci\u00f3n virtual y, por estos d\u00edas, tambi\u00e9n nos ha permitido gestionar apoyos y coordinaciones concretas para aumentar la calidad de vida de las personas\u201d, destac\u00f3 la seremi del Trabajo y Previsi\u00f3n Social, Doris Sandoval Miranda.<\/p>\n\n\n\n<p>\u201cEn ese trabajo conjunto se logr\u00f3 contactar a un vecino de Laguna blanca, quien llevaba cinco meses sin cobrar su PGU, lo que pon\u00eda en riesgo la suspensi\u00f3n de su beneficio. En el marco de ese convenio, se activaron las gestiones necesarias y tuvimos la buena noticia de que se revirti\u00f3 esta situaci\u00f3n y, adem\u00e1s, se mejoraron las condiciones en las que este vecino va a poder hacer el cobro de su beneficio a partir de ahora. Por tanto, son muy buenas noticias que nos llenan de alegr\u00eda\u201d, a\u00f1adi\u00f3 la autoridad.<\/p>\n\n\n\n<p>En palabras de la directora regional de IPS Magallanes, Gloria Mar\u00edn Sep\u00falveda, \u201cefectivamente, don V\u00edctor estuvo en la sucursal de Punta Arenas, donde pudo hacer su cambio de modalidad de pago y lo m\u00e1s importante es que alcanz\u00f3 a hacerlo justo ad-portas de que terminara este beneficio, ya que iba al quinto mes de su pago no cobrado y al sexto mes iba a cesar por no cobro. As\u00ed que se fue muy feliz don V\u00edctor con esta buena noticia que le entregamos como IPS y en convenio con la Municipalidad de Laguna Blanca que jug\u00f3 un rol importante en que estos beneficios no se pierdan\u201d.<\/p>\n\n\n\n<p>Por tanto, el llamado a la comunidad, especialmente, a las personas que tienen sobre 65 a\u00f1os es a consultar e informarse y, si tienen dudas, acceder a <a href=\"http:\/\/www.chileatiende.cl\">www.chileatiende.cl<\/a>, <a href=\"http:\/\/www.ips.gob.cl\">www.ips.gob.cl<\/a> y\/o acudir a las sucursales de IPS que se encuentran en las cuatro provincias de la regi\u00f3n, o bien, a los Puntos virtuales existentes actualmente en las comunas de Laguna Blanca y de R\u00edo Verde.<\/p>\n\n\n\n<p>Este proceso refleja el compromiso del IPS y la Municipalidad de Laguna Blanca para asegurar que los residentes de la comuna, especialmente los m\u00e1s alejados, reciban a tiempo los beneficios que les corresponden.<\/p>\n","protected":false},"excerpt":{"rendered":"<p>Don V\u00edctor Paredes es asistente de la educaci\u00f3n, habitante de la comuna de Laguna Blanca y, adem\u00e1s, sin saberlo, beneficiario de la Pensi\u00f3n Garantizada Universal (PGU) desde octubre del a\u00f1o&#8230; <a class=\"read-more\" href=\"https:\/\/www.radiopresidenteibanez.cl\/web\/beneficiario-de-pgu-que-estuvo-a-punto-de-perder-su-beneficio-logro-cobrar-pagos-atrasados\/\">Leer m\u00e1s<\/a><\/p>\n","protected":false},"author":2,"featured_media":54612,"comment_status":"closed","ping_status":"closed","sticky":false,"template":"","format":"standard","meta":{"footnotes":""},"categories":[1],"tags":[],"class_list":["post-54611","post","type-post","status-publish","format-standard","has-post-thumbnail","hentry","category-cronica"],"_links":{"self":[{"href":"https:\/\/www.radiopresidenteibanez.cl\/web\/wp-json\/wp\/v2\/posts\/54611","targetHints":{"allow":["GET"]}}],"collection":[{"href":"https:\/\/www.radiopresidenteibanez.cl\/web\/wp-json\/wp\/v2\/posts"}],"about":[{"href":"https:\/\/www.radiopresidenteibanez.cl\/web\/wp-json\/wp\/v2\/types\/post"}],"author":[{"embeddable":true,"href":"https:\/\/www.radiopresidenteibanez.cl\/web\/wp-json\/wp\/v2\/users\/2"}],"replies":[{"embeddable":true,"href":"https:\/\/www.radiopresidenteibanez.cl\/web\/wp-json\/wp\/v2\/comments?post=54611"}],"version-history":[{"count":0,"href":"https:\/\/www.radiopresidenteibanez.cl\/web\/wp-json\/wp\/v2\/posts\/54611\/revisions"}],"wp:featuredmedia":[{"embeddable":true,"href":"https:\/\/www.radiopresidenteibanez.cl\/web\/wp-json\/wp\/v2\/media\/54612"}],"wp:attachment":[{"href":"https:\/\/www.radiopresidenteibanez.cl\/web\/wp-json\/wp\/v2\/media?parent=54611"}],"wp:term":[{"taxonomy":"category","embeddable":true,"href":"https:\/\/www.radiopresidenteibanez.cl\/web\/wp-json\/wp\/v2\/categories?post=54611"},{"taxonomy":"post_tag","embeddable":true,"href":"https:\/\/www.radiopresidenteibanez.cl\/web\/wp-json\/wp\/v2\/tags?post=54611"}],"curies":[{"name":"wp","href":"https:\/\/api.w.org\/{rel}","templated":true}]}}