{"id":54602,"date":"2025-02-26T11:59:00","date_gmt":"2025-02-26T14:59:00","guid":{"rendered":"https:\/\/www.radiopresidenteibanez.cl\/web\/?p=54602"},"modified":"2025-02-26T10:09:07","modified_gmt":"2025-02-26T13:09:07","slug":"una-noche-de-rock-patagonico","status":"publish","type":"post","link":"https:\/\/www.radiopresidenteibanez.cl\/web\/una-noche-de-rock-patagonico\/","title":{"rendered":"UNA NOCHE DE ROCK PATAGONICO"},"content":{"rendered":"\n<p>\u00a0Este jueves 27 de Febvrero, a las 22:30 hrs, el destacado m\u00fasico Juan Aro se presenta en \u00abOl\u00e9, tapas y copas\u00bb, formando d\u00fao junto al reconocido guitarrista y productor musical Danny Perich. Juntos, ofrecer\u00e1n un espect\u00e1culo \u00edntimo y vibrante, fusionando el Rock Progresivo con ra\u00edces del Folclore Patag\u00f3nico para transportar al p\u00fablico a los paisajes sonoros del sur. Con m\u00e1s de 20 a\u00f1os de trayectoria, Juan Aro encuentra inspiraci\u00f3n en la belleza de la Patagonia, mientras que Danny Perich aporta su sensibilidad musical y experiencia en la producci\u00f3n, creando un di\u00e1logo art\u00edstico que enriquece cada canci\u00f3n. Influenciados por bandas como Los Jaivas y Divididos, y con letras que evocan la poes\u00eda de autores magall\u00e1nicos como Rolando C\u00e1rdenas y Fernando Ferrer, Aro y Perich prometen una velada cargada de emoci\u00f3n, conexi\u00f3n y autenticidad. La entrada es liberada.<\/p>\n","protected":false},"excerpt":{"rendered":"<p>\u00a0Este jueves 27 de Febvrero, a las 22:30 hrs, el destacado m\u00fasico Juan Aro se presenta en \u00abOl\u00e9, tapas y copas\u00bb, formando d\u00fao junto al reconocido guitarrista y productor musical&#8230; <a class=\"read-more\" href=\"https:\/\/www.radiopresidenteibanez.cl\/web\/una-noche-de-rock-patagonico\/\">Leer m\u00e1s<\/a><\/p>\n","protected":false},"author":2,"featured_media":54603,"comment_status":"closed","ping_status":"closed","sticky":false,"template":"","format":"standard","meta":{"footnotes":""},"categories":[1],"tags":[],"class_list":["post-54602","post","type-post","status-publish","format-standard","has-post-thumbnail","hentry","category-cronica"],"_links":{"self":[{"href":"https:\/\/www.radiopresidenteibanez.cl\/web\/wp-json\/wp\/v2\/posts\/54602","targetHints":{"allow":["GET"]}}],"collection":[{"href":"https:\/\/www.radiopresidenteibanez.cl\/web\/wp-json\/wp\/v2\/posts"}],"about":[{"href":"https:\/\/www.radiopresidenteibanez.cl\/web\/wp-json\/wp\/v2\/types\/post"}],"author":[{"embeddable":true,"href":"https:\/\/www.radiopresidenteibanez.cl\/web\/wp-json\/wp\/v2\/users\/2"}],"replies":[{"embeddable":true,"href":"https:\/\/www.radiopresidenteibanez.cl\/web\/wp-json\/wp\/v2\/comments?post=54602"}],"version-history":[{"count":0,"href":"https:\/\/www.radiopresidenteibanez.cl\/web\/wp-json\/wp\/v2\/posts\/54602\/revisions"}],"wp:featuredmedia":[{"embeddable":true,"href":"https:\/\/www.radiopresidenteibanez.cl\/web\/wp-json\/wp\/v2\/media\/54603"}],"wp:attachment":[{"href":"https:\/\/www.radiopresidenteibanez.cl\/web\/wp-json\/wp\/v2\/media?parent=54602"}],"wp:term":[{"taxonomy":"category","embeddable":true,"href":"https:\/\/www.radiopresidenteibanez.cl\/web\/wp-json\/wp\/v2\/categories?post=54602"},{"taxonomy":"post_tag","embeddable":true,"href":"https:\/\/www.radiopresidenteibanez.cl\/web\/wp-json\/wp\/v2\/tags?post=54602"}],"curies":[{"name":"wp","href":"https:\/\/api.w.org\/{rel}","templated":true}]}}