{"id":54596,"date":"2025-02-26T10:03:04","date_gmt":"2025-02-26T13:03:04","guid":{"rendered":"https:\/\/www.radiopresidenteibanez.cl\/web\/?p=54596"},"modified":"2025-02-26T10:03:09","modified_gmt":"2025-02-26T13:03:09","slug":"gobernador-regional-visita-obras-de-construccion-del-archivo-y-biblioteca-regional","status":"publish","type":"post","link":"https:\/\/www.radiopresidenteibanez.cl\/web\/gobernador-regional-visita-obras-de-construccion-del-archivo-y-biblioteca-regional\/","title":{"rendered":"GOBERNADOR REGIONAL VISITA OBRAS DE CONSTRUCCI\u00d3N DEL ARCHIVO Y BIBLIOTECA REGIONAL"},"content":{"rendered":"\n<p>El Gobernador Jorge Flies, en conjunto<br>con miembros del CORE y autoridades regionales visitaron las obras de<br>construcci\u00f3n de la biblioteca y archivo regional que ya presentan alrededor de un<br>6,2% de avance.<\/p>\n\n\n\n<p>\u201cEstamos muy contentos, este es uno de los proyectos de inversi\u00f3n p\u00fablica m\u00e1s<br>grandes que se est\u00e1n haciendo en la regi\u00f3n, de m\u00e1s de 33 mil millones de pesos,<br>que tiene varios elementos, primero una recuperaci\u00f3n patrimonial en pleno<br>coraz\u00f3n de Punta Arenas, un especio que va a ser una plaza techada cultural,<br>donde se van a encontrar todos los magall\u00e1nicos y magall\u00e1nicas\u201d, expres\u00f3 el<br>Gobernador de Magallanes y de la Ant\u00e1rtica Chilena, Jorge Flies A\u00f1\u00f3n.<br>As\u00ed mismo Flies indic\u00f3 que \u201cesta obra suma un archivo regional, para recuperar<br>nuestra historia y hoy est\u00e1 generando m\u00e1s de 140 puestos de trabajo\u201d.<\/p>\n\n\n\n<p>Por su parte, el Delegado Presidencial, Jos\u00e9 Ruiz Pivcevic, manifest\u00f3 que \u201cesta<br>biblioteca y archivo regional va a cambiar la cara de Punta Arenas, no solamente<br>desde una perspectiva arquitect\u00f3nica, donde hay un rescate patrimonial muy<br>importante, sino tambi\u00e9n, esperamos en formas de vida, cuando abrimos un<br>espacio p\u00fablico para la comunidad, democratizar el acceso a la cultura\u201d.<br>La iniciativa tiene por objetivo principal entregar a la comunidad espacios para la<br>difusi\u00f3n cultural y el encuentro ciudadano, agregando valor a trav\u00e9s de una<br>propuesta integral que resuelva la brecha en infraestructura para el resguardo del<br>patrimonio p\u00fablico documental y catalogaci\u00f3n, facilitando a los ciudadanos el<br>acceso a la informaci\u00f3n, relevando el rol de las identidades locales y el desarrollo<br>regional. Adem\u00e1s, se transformar\u00e1 en un aporte urbano con la consolidaci\u00f3n del<br>centro hist\u00f3rico de Punta Arenas<\/p>\n\n\n\n<p>Detalles del proyecto<br>Esta obra forma parte de las iniciativas desarrolladas por el Plan de Zonas<br>Extremas, impulsadas por el Gobierno Regional en conjunto con la direcci\u00f3n de<br>Arquitectura, el apoyo del Servicio Nacional de Patrimonio Cultural, con recursos<br>de la Subsecretar\u00eda de Desarrollo Social y del GORE.<\/p>\n\n\n\n<p>La iniciativa busca revitalizar el casco hist\u00f3rico de la ciudad con nuevos usos en<br>infraestructura existente con identidad Regional.<br>La ejecuci\u00f3n de la obra consider\u00f3 dentro de sus primeras acciones los trabajos de<br>desarmes y retiro de elementos para su respectiva catalogaci\u00f3n, lo cual se ha<br>ejecutado entre los meses de mayo y enero del presente a\u00f1o.<br>Actualmente se trabaja en demoliciones menores y controladas de las \u00e1reas<br>edificadas. Las \u00e1reas que no son parte del proyecto de restauraci\u00f3n y no<br>corresponden a la edificaci\u00f3n hist\u00f3rica con componentes patrimoniales, como por<br>ejemplo donde se emplazar\u00e1 el nuevo edificio de archivo regional por calle Chilo\u00e9,<br>su demolici\u00f3n se encuentra 100 % ejecutada. Se avanza en la excavaci\u00f3n de pilas<br>de socalzados asociadas a las fundaciones y refuerzos estructurales, implicando<br>estas faenas trabajos de agotamiento de napas fre\u00e1ticas.<br>En las pr\u00f3ximas semanas, se proceder\u00e1 con la instalaci\u00f3n de gr\u00faa torre, con el<br>objetivo de realizar trabajos de elevaci\u00f3n y traslado de materiales entre las<br>distintas \u00e1reas y edificios que considera el proyecto, adem\u00e1s de apoyar las labores<br>de retiro de tierra de la excavaci\u00f3n masiva a realizar para la ejecuci\u00f3n de los 2<br>niveles subterr\u00e1neos.<br>Se espera el t\u00e9rmino de la obra para mediados del a\u00f1o 2026.<\/p>\n","protected":false},"excerpt":{"rendered":"<p>El Gobernador Jorge Flies, en conjuntocon miembros del CORE y autoridades regionales visitaron las obras deconstrucci\u00f3n de la biblioteca y archivo regional que ya presentan alrededor de un6,2% de avance&#8230;. <a class=\"read-more\" href=\"https:\/\/www.radiopresidenteibanez.cl\/web\/gobernador-regional-visita-obras-de-construccion-del-archivo-y-biblioteca-regional\/\">Leer m\u00e1s<\/a><\/p>\n","protected":false},"author":2,"featured_media":54597,"comment_status":"closed","ping_status":"closed","sticky":false,"template":"","format":"standard","meta":{"footnotes":""},"categories":[1],"tags":[],"class_list":["post-54596","post","type-post","status-publish","format-standard","has-post-thumbnail","hentry","category-cronica"],"_links":{"self":[{"href":"https:\/\/www.radiopresidenteibanez.cl\/web\/wp-json\/wp\/v2\/posts\/54596","targetHints":{"allow":["GET"]}}],"collection":[{"href":"https:\/\/www.radiopresidenteibanez.cl\/web\/wp-json\/wp\/v2\/posts"}],"about":[{"href":"https:\/\/www.radiopresidenteibanez.cl\/web\/wp-json\/wp\/v2\/types\/post"}],"author":[{"embeddable":true,"href":"https:\/\/www.radiopresidenteibanez.cl\/web\/wp-json\/wp\/v2\/users\/2"}],"replies":[{"embeddable":true,"href":"https:\/\/www.radiopresidenteibanez.cl\/web\/wp-json\/wp\/v2\/comments?post=54596"}],"version-history":[{"count":0,"href":"https:\/\/www.radiopresidenteibanez.cl\/web\/wp-json\/wp\/v2\/posts\/54596\/revisions"}],"wp:featuredmedia":[{"embeddable":true,"href":"https:\/\/www.radiopresidenteibanez.cl\/web\/wp-json\/wp\/v2\/media\/54597"}],"wp:attachment":[{"href":"https:\/\/www.radiopresidenteibanez.cl\/web\/wp-json\/wp\/v2\/media?parent=54596"}],"wp:term":[{"taxonomy":"category","embeddable":true,"href":"https:\/\/www.radiopresidenteibanez.cl\/web\/wp-json\/wp\/v2\/categories?post=54596"},{"taxonomy":"post_tag","embeddable":true,"href":"https:\/\/www.radiopresidenteibanez.cl\/web\/wp-json\/wp\/v2\/tags?post=54596"}],"curies":[{"name":"wp","href":"https:\/\/api.w.org\/{rel}","templated":true}]}}