{"id":54537,"date":"2025-02-24T08:13:00","date_gmt":"2025-02-24T11:13:00","guid":{"rendered":"https:\/\/www.radiopresidenteibanez.cl\/web\/?p=54537"},"modified":"2025-02-24T09:59:37","modified_gmt":"2025-02-24T12:59:37","slug":"boletin-informativo-matinal-orbe-59","status":"publish","type":"post","link":"https:\/\/www.radiopresidenteibanez.cl\/web\/boletin-informativo-matinal-orbe-59\/","title":{"rendered":"Boletin Informativo Matinal ORBE"},"content":{"rendered":"\n<p>SANTIAGO.- Una nueva edici\u00f3n de la encuesta Plaza P\u00fablica<br>Cadem se conoci\u00f3 el domingo, la que est\u00e1 marcada por la<br>pol\u00e9mica por el traspaso de dineros desde Corfo. Esto afect\u00f3<br>principalmente al ministro Mario Marcel, que sufri\u00f3 una<br>importante ca\u00edda en su aprobaci\u00f3n. Esta baj\u00f3 seis puntos a un<br>45 por ciento, el nivel m\u00e1s bajo desde que asumi\u00f3 en marzo de<br>2022<\/p>\n\n\n\n<p>SANTIAGO.- Para el 41 por ciento de los consultados esta fue<br>la principal noticia de la semana que termina. En tanto, el<br>ministro mejor evaluado del gabinete es Jaime Pizarro, con un<br>75 por ciento, menos puntos, seguido por Carolina Arredondo,<br>61 por ciento, menos un punto, y Alberto van Klaveren, 58 por<br>ciento, menos 6 puntos. M\u00e1s atr\u00e1s se instalan Jeanette Jara,<br>53 por ciento, m\u00e1s 4 puntos, Ximena Aguilera 51 por ciento,<br>menos 4 puntos, Antonia Orellana, 50 por ciento, menos 5<br>puntos, y \u00c1lvaro Elizalde, 50 por ciento, menos 2p puntos.<\/p>\n\n\n\n<p>SANTIAGO.-Por su parte, en la tercera semana de febrero, la<br>aprobaci\u00f3n del Presidente Gabriel Boric se ubic\u00f3 en un 29 por<br>ciento, menos 3 punyos, y su desaprobaci\u00f3n lleg\u00f3 a un 64 por<br>ciento, m\u00e1s 2 puntos. En cuanto a los ministros con menos del<br>50 por ciento de aprobaci\u00f3n est\u00e1n Luis Cordero, 48 por<br>ciento,, Mario Marcel, 45 por ciento, menos 6 puntos, Camila<br>Vallejo, 44 por ciento, Nicol\u00e1s Catado, 43 por ciento, y<br>Nicol\u00e1s Grau, 42 por ciento.<\/p>\n\n\n\n<p>SANTIAGO.- Tres personas fallecieron la noche del domingo en<br>la comuna de Renca, tras un ataque a balazos por tiradores<br>que se movilizaban en un veh\u00edculo. De acuerdo a informaci\u00f3n<br>de Carabineros, este grupo atac\u00f3 a otro que se encontraba en<br>un paradero de la locomoci\u00f3n colectiva, ubicado en la esquina<br>de Condell con Jos\u00e9 Miguel Infante. Dos personas fallecieron<br>de forma inmediata, mientras que un tercero perdido la vida<br>al llegar al SAR Bicentenario de Renca.<\/p>\n\n\n\n<p>SANTIAGO.- Este lunes 24 de febrero, a las 20:00 horas, en el<br>estadio Monumental,Colo Colo recibe a O&#8217;Higgins en el cierre<br>de la segunda fecha de la Liga de Primera, que tiene a los<br>\u00abalbos\u00bb con la misi\u00f3n de cosechar un nuevo triunfo en el<br>torneo. El equipo blanco viene de vencer por 3-1 a Deportes<br>La Serena en el debut, con solidez ante un monarca del<br>Ascenso que evidenci\u00f3 falencias claves durante el rocoso<br>encuentro.<\/p>\n\n\n\n<p>SANTIAGO.- El DT del \u00abCacique\u00bb saltar\u00e1 a la cancha<br>pr\u00e1cticamente con el mismo equipo que jug\u00f3 en La Serena,<br>salvo el lesionado Marcos Bolados y Francisco Marchant figura<br>entre las opciones de reemplazo. Arturo Vidal est\u00e1 en la<br>n\u00f3mina, pero se desconoce si entrar\u00e1 al 11 estelar. As\u00ed, el<br>posible equipo colocolino ser\u00e1 con Brayan Cort\u00e9s; Mauricio<br>Isla, Alan Saldivia, Sebasti\u00e1n Vegas, Erick Wiemberg; Esteban<br>Pavez, Vicente Pizarro, Claudio Aquino; Marchant, Javier<br>Correa y Lucas Cepeda.<\/p>\n\n\n\n<p>SANTIAGO.-Respecto a los rancag\u00fcinos, en la primera jornada<br>protagonizaron un opaco empate sin goles contra Huachipato<br>sobre la cancha del Estadio \u00abJorge Silva\u00bb de San Fernando. El<br>entrenador Francisco Meneghini se\u00f1al\u00f3 que su elenco saldr\u00e1 de<br>igual a igual en el Monumental, pues \u00abes importante la<br>disposici\u00f3n a enfrentar el partido; no jugar con temor\u00bb.<br>Adem\u00e1s dijo que \u00abel desaf\u00edo es salir a jugar y no a ver qu\u00e9<br>pasa\u00bb.<\/p>\n","protected":false},"excerpt":{"rendered":"<p>SANTIAGO.- Una nueva edici\u00f3n de la encuesta Plaza P\u00fablicaCadem se conoci\u00f3 el domingo, la que est\u00e1 marcada por lapol\u00e9mica por el traspaso de dineros desde Corfo. Esto afect\u00f3principalmente al ministro&#8230; <a class=\"read-more\" href=\"https:\/\/www.radiopresidenteibanez.cl\/web\/boletin-informativo-matinal-orbe-59\/\">Leer m\u00e1s<\/a><\/p>\n","protected":false},"author":2,"featured_media":54538,"comment_status":"closed","ping_status":"closed","sticky":false,"template":"","format":"standard","meta":{"footnotes":""},"categories":[1],"tags":[],"class_list":["post-54537","post","type-post","status-publish","format-standard","has-post-thumbnail","hentry","category-cronica"],"_links":{"self":[{"href":"https:\/\/www.radiopresidenteibanez.cl\/web\/wp-json\/wp\/v2\/posts\/54537","targetHints":{"allow":["GET"]}}],"collection":[{"href":"https:\/\/www.radiopresidenteibanez.cl\/web\/wp-json\/wp\/v2\/posts"}],"about":[{"href":"https:\/\/www.radiopresidenteibanez.cl\/web\/wp-json\/wp\/v2\/types\/post"}],"author":[{"embeddable":true,"href":"https:\/\/www.radiopresidenteibanez.cl\/web\/wp-json\/wp\/v2\/users\/2"}],"replies":[{"embeddable":true,"href":"https:\/\/www.radiopresidenteibanez.cl\/web\/wp-json\/wp\/v2\/comments?post=54537"}],"version-history":[{"count":0,"href":"https:\/\/www.radiopresidenteibanez.cl\/web\/wp-json\/wp\/v2\/posts\/54537\/revisions"}],"wp:featuredmedia":[{"embeddable":true,"href":"https:\/\/www.radiopresidenteibanez.cl\/web\/wp-json\/wp\/v2\/media\/54538"}],"wp:attachment":[{"href":"https:\/\/www.radiopresidenteibanez.cl\/web\/wp-json\/wp\/v2\/media?parent=54537"}],"wp:term":[{"taxonomy":"category","embeddable":true,"href":"https:\/\/www.radiopresidenteibanez.cl\/web\/wp-json\/wp\/v2\/categories?post=54537"},{"taxonomy":"post_tag","embeddable":true,"href":"https:\/\/www.radiopresidenteibanez.cl\/web\/wp-json\/wp\/v2\/tags?post=54537"}],"curies":[{"name":"wp","href":"https:\/\/api.w.org\/{rel}","templated":true}]}}