{"id":5450,"date":"2019-06-29T19:59:05","date_gmt":"2019-06-29T19:59:05","guid":{"rendered":"http:\/\/www.radiopresidenteibanez.cl\/web\/?p=5450"},"modified":"2019-06-29T19:59:23","modified_gmt":"2019-06-29T19:59:23","slug":"un-centenar-de-familias-de-punta-arenas-se-convirtieron-en-propietarias-de-departamentos-sin-deuda","status":"publish","type":"post","link":"https:\/\/www.radiopresidenteibanez.cl\/web\/un-centenar-de-familias-de-punta-arenas-se-convirtieron-en-propietarias-de-departamentos-sin-deuda\/","title":{"rendered":"UN CENTENAR DE FAMILIAS DE PUNTA ARENAS SE CONVIRTIERON EN PROPIETARIAS DE DEPARTAMENTOS SIN DEUDA"},"content":{"rendered":"\n<p>Ubicado a pasos de la intersecci\u00f3n de las Avenidas Mart\u00ednez de Aldunate y Jorge Alessandri, se ubica el nuevo condominio Pioneros 3, entregado el mediod\u00eda de este viernes a 100 familias que obtuvieron subsidios del Fondo Solidario de Elecci\u00f3n de Vivienda.<\/p>\n\n\n\n<p>La ceremonia de corte de cinta estuvo encabezada por el Intendente Jos\u00e9 Fern\u00e1ndez, el Seremi Minvu Jos\u00e9 Miguel Horcos y el director regional del Serviu, Dubalio P\u00e9rez y cont\u00f3 con la asistencia de la Diputada Sandra Amar, el alcalde de Punta Arenas Claudio Radonich, autoridades y consejeros regionales.<\/p>\n\n\n\n<p>En su mensaje a los nuevos propietarios, el Seremi Minvu destac\u00f3 la entrega de conjuntos habitacionales bien conformados y equipados, cercanos a zonas de servicios. La autoridad anunci\u00f3 adem\u00e1s, que los Ministros de Vivienda y Urbanismo y Hacienda Cristian Monckeberg y Felipe Larra\u00edn \u201caprobaron este jueves, 15 mil nuevos subsidios a nivel nacional, aportando al bienestar de las familias y a la reactivaci\u00f3n econ\u00f3mica del pa\u00eds\u201d.<\/p>\n\n\n\n<p>La construcci\u00f3n del nuevo conjunto habitacional cont\u00f3 con una inversi\u00f3n del Ministerio de Vivienda y Urbanismo de 108 mil UF, m\u00e1s un ahorro de 85 UF promedio, aportado por cada postulante. Esto equivale al otorgamiento de subsidios habitacionales por un monto cercano a los 30 millones de pesos para cada beneficiario.<\/p>\n\n\n\n<p>Respecto a esta obra, el Intendente Fern\u00e1ndez expres\u00f3 \u201cEstos departamentos se suman a los ya entregados y son una muestra del compromiso del Presidente Sebasti\u00e1n Pi\u00f1era, de llegar a 4200 soluciones habitacionales durante este periodo de Gobierno. En esto vamos avanzando, ya estamos sobre las mil soluciones entregadas as\u00ed que estamos muy contentos al ver lo felices que est\u00e1n las familias que hicieron un gran esfuerzo ahorrando m\u00e1s de 2 millones de pesos\u201d.<\/p>\n\n\n\n<p>A su vez el director regional del Serviu, Dubalio P\u00e9rez, invit\u00f3 a las familias a hacer un correcto uso del subsidio habitacional otorgado, habitando sus departamentos sin deuda y propiciando un clima de sana convivencia entre vecinos.<\/p>\n\n\n\n<p>El conjunto habitacional pose \u00e1reas verdes con equipamiento e iluminaci\u00f3n, estacionamientos, cierre perimetral en reja met\u00e1lica y calle Interior pavimentada.<\/p>\n\n\n\n<figure class=\"wp-block-image\"><img loading=\"lazy\" decoding=\"async\" width=\"1024\" height=\"683\" src=\"https:\/\/www.radiopresidenteibanez.cl\/web\/wp-content\/uploads\/2019\/06\/corte-cinta-pioneros-3-1024x683.jpg\" alt=\"\" class=\"wp-image-5451\" srcset=\"https:\/\/www.radiopresidenteibanez.cl\/web\/wp-content\/uploads\/2019\/06\/corte-cinta-pioneros-3-1024x683.jpg 1024w, https:\/\/www.radiopresidenteibanez.cl\/web\/wp-content\/uploads\/2019\/06\/corte-cinta-pioneros-3-300x200.jpg 300w, https:\/\/www.radiopresidenteibanez.cl\/web\/wp-content\/uploads\/2019\/06\/corte-cinta-pioneros-3-768x512.jpg 768w, https:\/\/www.radiopresidenteibanez.cl\/web\/wp-content\/uploads\/2019\/06\/corte-cinta-pioneros-3.jpg 1280w\" sizes=\"auto, (max-width: 1024px) 100vw, 1024px\" \/><\/figure>\n","protected":false},"excerpt":{"rendered":"<p>Ubicado a pasos de la intersecci\u00f3n de las Avenidas Mart\u00ednez de Aldunate y Jorge Alessandri, se ubica el nuevo condominio Pioneros 3, entregado el mediod\u00eda de este viernes a 100&#8230; <a class=\"read-more\" href=\"https:\/\/www.radiopresidenteibanez.cl\/web\/un-centenar-de-familias-de-punta-arenas-se-convirtieron-en-propietarias-de-departamentos-sin-deuda\/\">Leer m\u00e1s<\/a><\/p>\n","protected":false},"author":2,"featured_media":5451,"comment_status":"closed","ping_status":"closed","sticky":false,"template":"","format":"standard","meta":{"footnotes":""},"categories":[1],"tags":[],"class_list":["post-5450","post","type-post","status-publish","format-standard","has-post-thumbnail","hentry","category-cronica"],"_links":{"self":[{"href":"https:\/\/www.radiopresidenteibanez.cl\/web\/wp-json\/wp\/v2\/posts\/5450","targetHints":{"allow":["GET"]}}],"collection":[{"href":"https:\/\/www.radiopresidenteibanez.cl\/web\/wp-json\/wp\/v2\/posts"}],"about":[{"href":"https:\/\/www.radiopresidenteibanez.cl\/web\/wp-json\/wp\/v2\/types\/post"}],"author":[{"embeddable":true,"href":"https:\/\/www.radiopresidenteibanez.cl\/web\/wp-json\/wp\/v2\/users\/2"}],"replies":[{"embeddable":true,"href":"https:\/\/www.radiopresidenteibanez.cl\/web\/wp-json\/wp\/v2\/comments?post=5450"}],"version-history":[{"count":0,"href":"https:\/\/www.radiopresidenteibanez.cl\/web\/wp-json\/wp\/v2\/posts\/5450\/revisions"}],"wp:featuredmedia":[{"embeddable":true,"href":"https:\/\/www.radiopresidenteibanez.cl\/web\/wp-json\/wp\/v2\/media\/5451"}],"wp:attachment":[{"href":"https:\/\/www.radiopresidenteibanez.cl\/web\/wp-json\/wp\/v2\/media?parent=5450"}],"wp:term":[{"taxonomy":"category","embeddable":true,"href":"https:\/\/www.radiopresidenteibanez.cl\/web\/wp-json\/wp\/v2\/categories?post=5450"},{"taxonomy":"post_tag","embeddable":true,"href":"https:\/\/www.radiopresidenteibanez.cl\/web\/wp-json\/wp\/v2\/tags?post=5450"}],"curies":[{"name":"wp","href":"https:\/\/api.w.org\/{rel}","templated":true}]}}