{"id":54490,"date":"2025-02-20T15:20:00","date_gmt":"2025-02-20T18:20:00","guid":{"rendered":"https:\/\/www.radiopresidenteibanez.cl\/web\/?p=54490"},"modified":"2025-02-20T09:23:39","modified_gmt":"2025-02-20T12:23:39","slug":"gerente-general-de-epaustral-destaca-acuerdo-entre-corporacion-puertos-conosur-y-fundacion-imagen-de-chile","status":"publish","type":"post","link":"https:\/\/www.radiopresidenteibanez.cl\/web\/gerente-general-de-epaustral-destaca-acuerdo-entre-corporacion-puertos-conosur-y-fundacion-imagen-de-chile\/","title":{"rendered":"Gerente General de EPAUSTRAL destaca acuerdo entre Corporaci\u00f3n Puertos Conosur y Fundacion Imagen de Chile"},"content":{"rendered":"\n<p>Considerado un hito significativo para la promoci\u00f3n de la actividad de cruceros en<br>Chile, la Corporaci\u00f3n de Puertos del Conosur firm\u00f3 un convenio de colaboraci\u00f3n con<br>la Fundaci\u00f3n Imagen de Chile.<br>Este acuerdo busca relevar la identidad portuaria de Chile en el \u00e1mbito<br>internacional, resaltando las caracter\u00edsticas, valores y atractivos de los puertos y<br>destinos chilenos. Miguel Palma Morales, Gerente General de EPAUSTRAL y<br>miembro del directorio de la Corporaci\u00f3n, subray\u00f3 estos elementos clave.<br>\u201cNosotros desarrollamos una actividad donde somos la puerta de entrada del pa\u00eds y<br>por lo tanto es una instancia donde es importante (definir) qu\u00e9 contamos y cu\u00e1les<br>son los elementos que podemos destacar de los atributos que el pa\u00eds tiene. As\u00ed que<br>este convenio lo que nos permite es trabajar en esa l\u00ednea\u201d, expres\u00f3 el ejecutivo.<br>Con m\u00e1s de 170 cruceros proyectados en la temporada 2024-2025, los puertos de<br>Magallanes (incluyendo Punta Arenas, Natales y Puerto Williams) son parte esencial<br>de la cadena de naves de pasajeros que arriban cada per\u00edodo estival a nuestro pa\u00eds.<br>Por lo anterior, dada nuestra diversidad cultural y geogr\u00e1fica la alianza con la<br>Fundaci\u00f3n Imagen de Chile ser\u00e1 crucial para unificar criterios y relatos entre todos<br>los actores, seg\u00fan Miguel Palma: \u201cCada puerto tiene sus caracter\u00edsticas distintas y<br>por lo tanto la importancia es c\u00f3mo se resaltan en ellos los atributos que el pa\u00eds<br>tiene y lo mucho que tiene para ofrecer\u201d.<br>\u201cEsa unificaci\u00f3n de c\u00f3mo contamos lo que somos, lo que nos espera al visitar el<br>territorio, lo podemos hacer desde Arica y desde Magallanes. Es algo integral del<br>cono sur de Am\u00e9rica Latina y por lo tanto la cooperaci\u00f3n es la base del trabajo que<br>debemos realizar. Estamos muy orgullosos de participar en un trabajo que<br>esperamos d\u00e9 frutos muy relevantes en c\u00f3mo nos proyectamos hacia el mundo\u201d,<br>complementa el gerente general de EPAUSTRAL.<br>Cabe recordar que la Corporaci\u00f3n de Puertos del Conosur, creada en 2007,<br>promueve a Chile como un destino atractivo para la industria de cruceros. Agrupa a<br>los puertos de Arica, Iquique, Antofagasta, Coquimbo, Valpara\u00edso, San Antonio,<br>Talcahuano-San Vicente, Puerto Montt, Castro, Chacabuco y Punta Arenas<br>(incluyendo Puerto Natales y Puerto Williams), adem\u00e1s de Terminal Pac\u00edfico Sur<br>Valpara\u00edso (TPS) y Terminal Portuario de Valpara\u00edso S.A (TPVSA), los agentes<br>navieros Inchcape Chile y A.J. Broom, y el operador tur\u00edstico DMC Chile.<\/p>\n","protected":false},"excerpt":{"rendered":"<p>Considerado un hito significativo para la promoci\u00f3n de la actividad de cruceros enChile, la Corporaci\u00f3n de Puertos del Conosur firm\u00f3 un convenio de colaboraci\u00f3n conla Fundaci\u00f3n Imagen de Chile.Este acuerdo&#8230; <a class=\"read-more\" href=\"https:\/\/www.radiopresidenteibanez.cl\/web\/gerente-general-de-epaustral-destaca-acuerdo-entre-corporacion-puertos-conosur-y-fundacion-imagen-de-chile\/\">Leer m\u00e1s<\/a><\/p>\n","protected":false},"author":2,"featured_media":54491,"comment_status":"closed","ping_status":"closed","sticky":false,"template":"","format":"standard","meta":{"footnotes":""},"categories":[1],"tags":[],"class_list":["post-54490","post","type-post","status-publish","format-standard","has-post-thumbnail","hentry","category-cronica"],"_links":{"self":[{"href":"https:\/\/www.radiopresidenteibanez.cl\/web\/wp-json\/wp\/v2\/posts\/54490","targetHints":{"allow":["GET"]}}],"collection":[{"href":"https:\/\/www.radiopresidenteibanez.cl\/web\/wp-json\/wp\/v2\/posts"}],"about":[{"href":"https:\/\/www.radiopresidenteibanez.cl\/web\/wp-json\/wp\/v2\/types\/post"}],"author":[{"embeddable":true,"href":"https:\/\/www.radiopresidenteibanez.cl\/web\/wp-json\/wp\/v2\/users\/2"}],"replies":[{"embeddable":true,"href":"https:\/\/www.radiopresidenteibanez.cl\/web\/wp-json\/wp\/v2\/comments?post=54490"}],"version-history":[{"count":0,"href":"https:\/\/www.radiopresidenteibanez.cl\/web\/wp-json\/wp\/v2\/posts\/54490\/revisions"}],"wp:featuredmedia":[{"embeddable":true,"href":"https:\/\/www.radiopresidenteibanez.cl\/web\/wp-json\/wp\/v2\/media\/54491"}],"wp:attachment":[{"href":"https:\/\/www.radiopresidenteibanez.cl\/web\/wp-json\/wp\/v2\/media?parent=54490"}],"wp:term":[{"taxonomy":"category","embeddable":true,"href":"https:\/\/www.radiopresidenteibanez.cl\/web\/wp-json\/wp\/v2\/categories?post=54490"},{"taxonomy":"post_tag","embeddable":true,"href":"https:\/\/www.radiopresidenteibanez.cl\/web\/wp-json\/wp\/v2\/tags?post=54490"}],"curies":[{"name":"wp","href":"https:\/\/api.w.org\/{rel}","templated":true}]}}