{"id":54487,"date":"2025-02-20T13:56:00","date_gmt":"2025-02-20T16:56:00","guid":{"rendered":"https:\/\/www.radiopresidenteibanez.cl\/web\/?p=54487"},"modified":"2025-02-20T09:20:42","modified_gmt":"2025-02-20T12:20:42","slug":"natalinos-finalizan-participacion-en-el-programa-emprendamos-semilla-del-fosis","status":"publish","type":"post","link":"https:\/\/www.radiopresidenteibanez.cl\/web\/natalinos-finalizan-participacion-en-el-programa-emprendamos-semilla-del-fosis\/","title":{"rendered":"Natalinos finalizan participaci\u00f3n en el programa Emprendamos Semilla del Fosis"},"content":{"rendered":"\n<p>En total, fueron 62 personas usuarias que participaron en el programa Emprendamos<br>Semilla que impulsa el Fondo de Solidaridad e Inversi\u00f3n Social, FOSIS, servicio relacionado<br>al Ministerio de Desarrollo Social y Familia, y que finalizaron exitosamente su paso por<br>estas iniciativas que tienen por objetivo entregar oportunidades para aquellos que tienen<br>una idea de negocio y quieren iniciar un emprendimiento.<br>Durante los 8 meses de ejecuci\u00f3n, los participantes accedieron a talleres de capacitaci\u00f3n<br>relacionados con tem\u00e1ticas como innovaci\u00f3n, plan de financiamiento del negocio, canales<br>de comercializaci\u00f3n, redes de apoyo, taller de g\u00e9nero, entre otros.<br>Adem\u00e1s, estos programas ofrecen asesor\u00eda y acompa\u00f1amiento, junto con un capital<br>semilla para que los usuarios y usuarias puedan adquirir insumos y herramientas para dar<br>inicio a su negocio.<br>La actividad de cierre de estos programas consisti\u00f3 en la realizaci\u00f3n de un conversatorio<br>con las autoridades presentes, encabezadas por los Secretarios Regionales Ministeriales<br>de Desarrollo Social y Familia, Danilo Mimica Mansilla; y de Gobierno, Andro Mimica<br>Guerrero; adem\u00e1s del director regional del FOSIS, Felipe Jeria Palma; quienes conocieron<br>las experiencias de los participantes e interactuaron con ellos, para luego hacer entrega de<br>los respectivos certificados que acreditan la participaci\u00f3n y el exitoso paso de los usuarios<br>por estas iniciativas.<br>La inversi\u00f3n total del FOSIS super\u00f3 los 65 millones de pesos, y ambas iniciativas fueron<br>ejecutadas por la consultora Koonek Aike.<\/p>\n","protected":false},"excerpt":{"rendered":"<p>En total, fueron 62 personas usuarias que participaron en el programa EmprendamosSemilla que impulsa el Fondo de Solidaridad e Inversi\u00f3n Social, FOSIS, servicio relacionadoal Ministerio de Desarrollo Social y Familia,&#8230; <a class=\"read-more\" href=\"https:\/\/www.radiopresidenteibanez.cl\/web\/natalinos-finalizan-participacion-en-el-programa-emprendamos-semilla-del-fosis\/\">Leer m\u00e1s<\/a><\/p>\n","protected":false},"author":2,"featured_media":54488,"comment_status":"closed","ping_status":"closed","sticky":false,"template":"","format":"standard","meta":{"footnotes":""},"categories":[1],"tags":[],"class_list":["post-54487","post","type-post","status-publish","format-standard","has-post-thumbnail","hentry","category-cronica"],"_links":{"self":[{"href":"https:\/\/www.radiopresidenteibanez.cl\/web\/wp-json\/wp\/v2\/posts\/54487","targetHints":{"allow":["GET"]}}],"collection":[{"href":"https:\/\/www.radiopresidenteibanez.cl\/web\/wp-json\/wp\/v2\/posts"}],"about":[{"href":"https:\/\/www.radiopresidenteibanez.cl\/web\/wp-json\/wp\/v2\/types\/post"}],"author":[{"embeddable":true,"href":"https:\/\/www.radiopresidenteibanez.cl\/web\/wp-json\/wp\/v2\/users\/2"}],"replies":[{"embeddable":true,"href":"https:\/\/www.radiopresidenteibanez.cl\/web\/wp-json\/wp\/v2\/comments?post=54487"}],"version-history":[{"count":0,"href":"https:\/\/www.radiopresidenteibanez.cl\/web\/wp-json\/wp\/v2\/posts\/54487\/revisions"}],"wp:featuredmedia":[{"embeddable":true,"href":"https:\/\/www.radiopresidenteibanez.cl\/web\/wp-json\/wp\/v2\/media\/54488"}],"wp:attachment":[{"href":"https:\/\/www.radiopresidenteibanez.cl\/web\/wp-json\/wp\/v2\/media?parent=54487"}],"wp:term":[{"taxonomy":"category","embeddable":true,"href":"https:\/\/www.radiopresidenteibanez.cl\/web\/wp-json\/wp\/v2\/categories?post=54487"},{"taxonomy":"post_tag","embeddable":true,"href":"https:\/\/www.radiopresidenteibanez.cl\/web\/wp-json\/wp\/v2\/tags?post=54487"}],"curies":[{"name":"wp","href":"https:\/\/api.w.org\/{rel}","templated":true}]}}