{"id":54484,"date":"2025-02-20T12:47:00","date_gmt":"2025-02-20T15:47:00","guid":{"rendered":"https:\/\/www.radiopresidenteibanez.cl\/web\/?p=54484"},"modified":"2025-02-20T09:17:32","modified_gmt":"2025-02-20T12:17:32","slug":"servicio-de-proteccion-promueve-el-cuidado-a-traves-del-esparcimiento","status":"publish","type":"post","link":"https:\/\/www.radiopresidenteibanez.cl\/web\/servicio-de-proteccion-promueve-el-cuidado-a-traves-del-esparcimiento\/","title":{"rendered":"SERVICIO DE PROTECCI\u00d3N PROMUEVE EL CUIDADO A TRAV\u00c9S DEL ESPARCIMIENTO"},"content":{"rendered":"\n<p>Dado su clima y realidad geogr\u00e1fica, el verano es una oportunidad clave para que los<br>ni\u00f1os, ni\u00f1as y adolescentes de Magallanes accedan a espacios recreativos que favorecen<br>su bienestar, desarrollo personal y socializaci\u00f3n. A trav\u00e9s del juego, el deporte, la cultura y<br>el contacto con la naturaleza, ellos fortalecen su autoestima, autonom\u00eda y habilidades<br>sociales, todos elementos fundamentales para su crecimiento integral.<\/p>\n\n\n\n<p>Por esta raz\u00f3n, el Servicio de Protecci\u00f3n Especializada a la Ni\u00f1ez y Adolescencia destina<br>sus recursos para asegurar que los ni\u00f1os, ni\u00f1as y adolescentes al cuidado del Estado<br>puedan sacar el mayor provecho a la temporada estival. Para ellos, estas instancias no<br>s\u00f3lo brindan esparcimiento, sino que tambi\u00e9n cumplen un rol terap\u00e9utico y educativo,<br>contribuyendo a su estabilidad emocional. Paseos al aire libre, talleres y actividades<br>deportivas les permiten explorar nuevos intereses, expresar sus emociones, vincularse<br>con su ciudad y territorio, adem\u00e1s de crear recuerdos significativos, procesos que en<br>algunos casos han sido interrumpidos por sus experiencias de vida.<\/p>\n\n\n\n<p>Dada la importancia de estas instancias, la instituci\u00f3n no solo gestiona una oferta<br>recreativa a lo largo del a\u00f1o, sino que tambi\u00e9n involucra directamente a los ni\u00f1os, ni\u00f1as y<br>adolescentes en la planificaci\u00f3n de las actividades que desean realizar. Ivette Gallardo,<br>terapeuta ocupacional de la Residencia Familiar de Adolescencia Temprana, explica:<br>\u201cComo equipo, nos aseguramos de que los ni\u00f1os sean parte de toda la experiencia. Les<br>avisamos con una semana de anticipaci\u00f3n qu\u00e9 haremos y reforzamos la informaci\u00f3n con<br>afiches en la residencia. As\u00ed fomentamos su anticipaci\u00f3n pero tambi\u00e9n su responsabilidad,<br>pues son ellos mismos quienes motivan a sus pares a participar en las actividades que<br>escogieron como grupo\u201d. La profesional destaca que este verano, algunas de las<br>actividades favoritas fueron el karting, la piscina, las visitas a reservas naturales de la<br>Provincia de Magallanes y las cabalgatas.<\/p>\n\n\n\n<p>Adem\u00e1s, Gallardo subraya que estos espacios fortalecen la convivencia dentro de las<br>residencias: \u201cLos ni\u00f1os y ni\u00f1as no solo mejoran su v\u00ednculo entre ellos, sino tambi\u00e9n con el<br>equipo a su cuidado. Se dan cuenta de que no s\u00f3lo los llevamos a las actividades, sino<br>que muchas veces participamos junto a ellos. Tambi\u00e9n los motivamos, por ejemplo, a<br>superar el miedo de acercarse a un caballo que quieren acariciar, o bien, a vencer la<br>verg\u00fcenza de hacer algo l\u00fadico frente al grupo. Todo ni\u00f1o tiene derecho al esparcimiento<br>y nuestro compromiso es que lo ejerzan plenamente\u201d.<\/p>\n","protected":false},"excerpt":{"rendered":"<p>Dado su clima y realidad geogr\u00e1fica, el verano es una oportunidad clave para que losni\u00f1os, ni\u00f1as y adolescentes de Magallanes accedan a espacios recreativos que favorecensu bienestar, desarrollo personal y&#8230; <a class=\"read-more\" href=\"https:\/\/www.radiopresidenteibanez.cl\/web\/servicio-de-proteccion-promueve-el-cuidado-a-traves-del-esparcimiento\/\">Leer m\u00e1s<\/a><\/p>\n","protected":false},"author":2,"featured_media":54485,"comment_status":"closed","ping_status":"closed","sticky":false,"template":"","format":"standard","meta":{"footnotes":""},"categories":[1],"tags":[],"class_list":["post-54484","post","type-post","status-publish","format-standard","has-post-thumbnail","hentry","category-cronica"],"_links":{"self":[{"href":"https:\/\/www.radiopresidenteibanez.cl\/web\/wp-json\/wp\/v2\/posts\/54484","targetHints":{"allow":["GET"]}}],"collection":[{"href":"https:\/\/www.radiopresidenteibanez.cl\/web\/wp-json\/wp\/v2\/posts"}],"about":[{"href":"https:\/\/www.radiopresidenteibanez.cl\/web\/wp-json\/wp\/v2\/types\/post"}],"author":[{"embeddable":true,"href":"https:\/\/www.radiopresidenteibanez.cl\/web\/wp-json\/wp\/v2\/users\/2"}],"replies":[{"embeddable":true,"href":"https:\/\/www.radiopresidenteibanez.cl\/web\/wp-json\/wp\/v2\/comments?post=54484"}],"version-history":[{"count":0,"href":"https:\/\/www.radiopresidenteibanez.cl\/web\/wp-json\/wp\/v2\/posts\/54484\/revisions"}],"wp:featuredmedia":[{"embeddable":true,"href":"https:\/\/www.radiopresidenteibanez.cl\/web\/wp-json\/wp\/v2\/media\/54485"}],"wp:attachment":[{"href":"https:\/\/www.radiopresidenteibanez.cl\/web\/wp-json\/wp\/v2\/media?parent=54484"}],"wp:term":[{"taxonomy":"category","embeddable":true,"href":"https:\/\/www.radiopresidenteibanez.cl\/web\/wp-json\/wp\/v2\/categories?post=54484"},{"taxonomy":"post_tag","embeddable":true,"href":"https:\/\/www.radiopresidenteibanez.cl\/web\/wp-json\/wp\/v2\/tags?post=54484"}],"curies":[{"name":"wp","href":"https:\/\/api.w.org\/{rel}","templated":true}]}}