{"id":54481,"date":"2025-02-20T11:57:00","date_gmt":"2025-02-20T14:57:00","guid":{"rendered":"https:\/\/www.radiopresidenteibanez.cl\/web\/?p=54481"},"modified":"2025-02-20T09:14:02","modified_gmt":"2025-02-20T12:14:02","slug":"refuerzan-mensajes-preventivos-e-informativos-para-esta-temporada-estival-en-puerto-williams","status":"publish","type":"post","link":"https:\/\/www.radiopresidenteibanez.cl\/web\/refuerzan-mensajes-preventivos-e-informativos-para-esta-temporada-estival-en-puerto-williams\/","title":{"rendered":"Refuerzan mensajes preventivos e informativos para esta temporada estival en Puerto Williams"},"content":{"rendered":"\n<p>Con el prop\u00f3sito de reforzar mensajes preventivos e informativos en diversas aristas para esta temporada estival, personal de la Delegaci\u00f3n Presidencial Provincial de la Ant\u00e1rtica Chilena y de la brigada forestal \u00abLenga-12\u00bb, concurri\u00f3 a los lugares que ofrecen alojamientos tur\u00edsticos en Puerto Williams.<\/p>\n\n\n\n<p>Esta comitiva estuvo liderada por la delegada de dicha zona, Constanza Calisto Gallardo, quien recalc\u00f3 que \u00abpara nuestro Gobierno es primordial estrechar lazos con emprendedores del turismo, un rubro muy importante para este territorio. El fin es que fortalezcamos la comunicaci\u00f3n entre el sector p\u00fablico y privado, siendo estos \u00faltimos unos agentes comunitarios vitales en la entrega de informaci\u00f3n, para el resguardo de la seguridad de nuestros habitantes y de quienes visitan Isla Navarino\u00bb.<\/p>\n\n\n\n<p>Acompa\u00f1ada de la folleter\u00eda respectiva, la m\u00e1xima autoridad provincial dio a conocer el canal para recibir informaci\u00f3n delictual 100% an\u00f3nima de la Subsecretar\u00eda de Prevenci\u00f3n del Delito, el Fono Denuncia Seguro *4242; lineamientos y canales de denuncia para el correcto uso del subsidio de transporte mar\u00edtimo para zonas aisladas de la Provincia Ant\u00e1rtica Chilena; informaci\u00f3n relevante sobre marea roja, canales de denuncia y orientaci\u00f3n frente a violencia de g\u00e9nero, entre otros t\u00f3picos.<\/p>\n\n\n\n<p>En tanto, la brigada forestal m\u00e1s austral del mundo, encabezada por el encargado del Departamento de Protecci\u00f3n Contra Incendios Forestales de Conaf \u00c1rea Cabo de Hornos, C\u00e9sar Lobos, hizo entrega de informaci\u00f3n relevante en torno a los incendios forestales, como la prevenci\u00f3n y las acciones a realizar en caso detectar este tipo de siniestros que son generados en un 99,7 por ciento por acci\u00f3n humana.<\/p>\n\n\n\n<p>Asimismo, las y los funcionarios p\u00fablicos que fueron parte de esta instancia, tambi\u00e9n tuvieron la posibilidad de escuchar las propuestas y necesidades de los emprendedores tur\u00edsticos a cargo de hostales o refugios<\/p>\n","protected":false},"excerpt":{"rendered":"<p>Con el prop\u00f3sito de reforzar mensajes preventivos e informativos en diversas aristas para esta temporada estival, personal de la Delegaci\u00f3n Presidencial Provincial de la Ant\u00e1rtica Chilena y de la brigada&#8230; <a class=\"read-more\" href=\"https:\/\/www.radiopresidenteibanez.cl\/web\/refuerzan-mensajes-preventivos-e-informativos-para-esta-temporada-estival-en-puerto-williams\/\">Leer m\u00e1s<\/a><\/p>\n","protected":false},"author":2,"featured_media":54482,"comment_status":"closed","ping_status":"closed","sticky":false,"template":"","format":"standard","meta":{"footnotes":""},"categories":[1],"tags":[],"class_list":["post-54481","post","type-post","status-publish","format-standard","has-post-thumbnail","hentry","category-cronica"],"_links":{"self":[{"href":"https:\/\/www.radiopresidenteibanez.cl\/web\/wp-json\/wp\/v2\/posts\/54481","targetHints":{"allow":["GET"]}}],"collection":[{"href":"https:\/\/www.radiopresidenteibanez.cl\/web\/wp-json\/wp\/v2\/posts"}],"about":[{"href":"https:\/\/www.radiopresidenteibanez.cl\/web\/wp-json\/wp\/v2\/types\/post"}],"author":[{"embeddable":true,"href":"https:\/\/www.radiopresidenteibanez.cl\/web\/wp-json\/wp\/v2\/users\/2"}],"replies":[{"embeddable":true,"href":"https:\/\/www.radiopresidenteibanez.cl\/web\/wp-json\/wp\/v2\/comments?post=54481"}],"version-history":[{"count":0,"href":"https:\/\/www.radiopresidenteibanez.cl\/web\/wp-json\/wp\/v2\/posts\/54481\/revisions"}],"wp:featuredmedia":[{"embeddable":true,"href":"https:\/\/www.radiopresidenteibanez.cl\/web\/wp-json\/wp\/v2\/media\/54482"}],"wp:attachment":[{"href":"https:\/\/www.radiopresidenteibanez.cl\/web\/wp-json\/wp\/v2\/media?parent=54481"}],"wp:term":[{"taxonomy":"category","embeddable":true,"href":"https:\/\/www.radiopresidenteibanez.cl\/web\/wp-json\/wp\/v2\/categories?post=54481"},{"taxonomy":"post_tag","embeddable":true,"href":"https:\/\/www.radiopresidenteibanez.cl\/web\/wp-json\/wp\/v2\/tags?post=54481"}],"curies":[{"name":"wp","href":"https:\/\/api.w.org\/{rel}","templated":true}]}}