{"id":54478,"date":"2025-02-20T10:49:00","date_gmt":"2025-02-20T13:49:00","guid":{"rendered":"https:\/\/www.radiopresidenteibanez.cl\/web\/?p=54478"},"modified":"2025-02-20T09:11:16","modified_gmt":"2025-02-20T12:11:16","slug":"presentan-resultados-de-proyecto-para-mejorar-la-produccion-ovina-post-parto-en-magallanes","status":"publish","type":"post","link":"https:\/\/www.radiopresidenteibanez.cl\/web\/presentan-resultados-de-proyecto-para-mejorar-la-produccion-ovina-post-parto-en-magallanes\/","title":{"rendered":"Presentan resultados de proyecto para mejorar la producci\u00f3n ovina post parto en Magallanes"},"content":{"rendered":"\n<p>En la Estancia San Luis, ubicada en el sector El Chingue, comuna de \u00daltima Esperanza, se dieron a conocer los avances del proyecto \u201cAlternativas pastoriles para aumentar la producci\u00f3n ovina en Magallanes\u201d, impulsado por el Instituto de Investigaciones Agropecuarias (INIA), C\u00e1rdenas y C\u00e1rdenas, y la Corporaci\u00f3n de Fomento de la Producci\u00f3n (CORFO).<\/p>\n\n\n\n<p>El objetivo de la iniciativa es optimizar la alimentaci\u00f3n de los corderos para mejorar su peso y competitividad en el mercado, lo que permitir\u00eda a los productores locales maximizar sus ingresos y fortalecer la econom\u00eda ganadera de la regi\u00f3n.<\/p>\n\n\n\n<p>\u201cEl negocio ovino ha enfrentado desaf\u00edos, especialmente por la baja en el precio de la lana. En este contexto, la carne cobra mayor relevancia y requiere sistemas productivos m\u00e1s eficientes y sostenibles. La innovaci\u00f3n que estamos aplicando nos permite mejorar la productividad y, en \u00faltima instancia, obtener mejores resultados para los productores\u201d, se\u00f1al\u00f3 Oscar Strauch Bertin, subdirector regional de CORFO Magallanes,<\/p>\n\n\n\n<p>Por su parte, Claudia G\u00f3mez Nome, Directora de INIA Kampenaike, destac\u00f3 que \u201cNuestro compromiso es trabajar de la mano con los productores&nbsp;y este es un ejemplo. El&nbsp;rubro ovino es&nbsp;parte del&nbsp;desarrollo&nbsp; agropecuario, y nuestro rol es transferir conocimiento&nbsp;y tecnolog\u00edas&nbsp;al territorio para impulsar la transformaci\u00f3n productiva&nbsp;&nbsp;de Magallanes&nbsp;en los actuales escenarios&nbsp;agr\u00edcolas\u00bb.<\/p>\n\n\n\n<p>El productor Manuel C\u00e1rdenas Oyarzun, resalt\u00f3 que este tipo de iniciativas apunta a generar un apoyo a una actividad que \u201cse ha visto muy alica\u00edda, principalmente por la baja de los precios de la lana, el estancamiento del precio de la carne a nivel internacional. Entonces estamos buscando tecnolog\u00edas y mejoras a la ganancia de peso diaria\u201d, subray\u00f3<\/p>\n\n\n\n<p>Por \u00faltimo el investigador de INIA Kampenaike &nbsp;Ra\u00fal Lira, explic\u00f3 que el enfoque del proyecto es \u201clograr corderos m\u00e1s homog\u00e9neos en peso para alcanzar los valores m\u00e1s altos del mercado. Para ello, hemos evaluado el pastoreo con alfalfa y complementado la alimentaci\u00f3n con suplementos como ma\u00edz y avena, asegurando un crecimiento \u00f3ptimo\u201d, detall\u00f3.<\/p>\n","protected":false},"excerpt":{"rendered":"<p>En la Estancia San Luis, ubicada en el sector El Chingue, comuna de \u00daltima Esperanza, se dieron a conocer los avances del proyecto \u201cAlternativas pastoriles para aumentar la producci\u00f3n ovina&#8230; <a class=\"read-more\" href=\"https:\/\/www.radiopresidenteibanez.cl\/web\/presentan-resultados-de-proyecto-para-mejorar-la-produccion-ovina-post-parto-en-magallanes\/\">Leer m\u00e1s<\/a><\/p>\n","protected":false},"author":2,"featured_media":54479,"comment_status":"closed","ping_status":"closed","sticky":false,"template":"","format":"standard","meta":{"footnotes":""},"categories":[1],"tags":[],"class_list":["post-54478","post","type-post","status-publish","format-standard","has-post-thumbnail","hentry","category-cronica"],"_links":{"self":[{"href":"https:\/\/www.radiopresidenteibanez.cl\/web\/wp-json\/wp\/v2\/posts\/54478","targetHints":{"allow":["GET"]}}],"collection":[{"href":"https:\/\/www.radiopresidenteibanez.cl\/web\/wp-json\/wp\/v2\/posts"}],"about":[{"href":"https:\/\/www.radiopresidenteibanez.cl\/web\/wp-json\/wp\/v2\/types\/post"}],"author":[{"embeddable":true,"href":"https:\/\/www.radiopresidenteibanez.cl\/web\/wp-json\/wp\/v2\/users\/2"}],"replies":[{"embeddable":true,"href":"https:\/\/www.radiopresidenteibanez.cl\/web\/wp-json\/wp\/v2\/comments?post=54478"}],"version-history":[{"count":0,"href":"https:\/\/www.radiopresidenteibanez.cl\/web\/wp-json\/wp\/v2\/posts\/54478\/revisions"}],"wp:featuredmedia":[{"embeddable":true,"href":"https:\/\/www.radiopresidenteibanez.cl\/web\/wp-json\/wp\/v2\/media\/54479"}],"wp:attachment":[{"href":"https:\/\/www.radiopresidenteibanez.cl\/web\/wp-json\/wp\/v2\/media?parent=54478"}],"wp:term":[{"taxonomy":"category","embeddable":true,"href":"https:\/\/www.radiopresidenteibanez.cl\/web\/wp-json\/wp\/v2\/categories?post=54478"},{"taxonomy":"post_tag","embeddable":true,"href":"https:\/\/www.radiopresidenteibanez.cl\/web\/wp-json\/wp\/v2\/tags?post=54478"}],"curies":[{"name":"wp","href":"https:\/\/api.w.org\/{rel}","templated":true}]}}