{"id":54465,"date":"2025-02-19T16:58:00","date_gmt":"2025-02-19T19:58:00","guid":{"rendered":"https:\/\/www.radiopresidenteibanez.cl\/web\/?p=54465"},"modified":"2025-02-19T09:49:14","modified_gmt":"2025-02-19T12:49:14","slug":"afsag-magallanes-alerta-sobre-recorte-presupuestario-al-sag-y-convocatoria-a-paro-nacional","status":"publish","type":"post","link":"https:\/\/www.radiopresidenteibanez.cl\/web\/afsag-magallanes-alerta-sobre-recorte-presupuestario-al-sag-y-convocatoria-a-paro-nacional\/","title":{"rendered":"AFSAG Magallanes Alerta sobre Recorte Presupuestario al SAG y convocatoria a Paro Nacional"},"content":{"rendered":"\n<p>Junto con saludarlos, por intermedio de la presente y en mi calidad de Presidenta Regional de la Asociaci\u00f3n de Funcionarios del Servicio Agr\u00edcola y Ganadero (AFSAG) de la regi\u00f3n de Magallanes,&nbsp;<strong>organizaci\u00f3n que agrupa al 70% de la dotaci\u00f3n total del Servicio<\/strong>, me dirijo a ustedes para informar sobre un conflicto de alta relevancia que afecta a la sanidad agropecuaria del pa\u00eds. La reciente decisi\u00f3n del Gobierno de implementar un recorte de m\u00e1s de $4 mil millones en el presupuesto Nacional del SAG para el a\u00f1o 2025 ha suscitado nuestra preocupaci\u00f3n y ha llevado a la AFSAG a iniciar un plan de movilizaci\u00f3n nacional que culminar\u00e1 en un&nbsp;<strong>Paro Nacional el pr\u00f3ximo 4 de marzo.<\/strong><\/p>\n\n\n\n<p>Este dr\u00e1stico recorte, impulsado por el Ministerio de Hacienda y la Direcci\u00f3n de Presupuestos (DIPRES), pone en&nbsp;<strong>grave riesgo funciones esenciales del SAG<\/strong>, tales como la fiscalizaci\u00f3n en terreno, el control de enfermedades y plagas, la certificaci\u00f3n de exportaciones y la seguridad fronteriza. Estas actividades son vitales para garantizar la competitividad de los productos chilenos en los mercados internacionales y proteger la producci\u00f3n agropecuaria nacional.&nbsp;<strong>De no revertirse esta decisi\u00f3n, el impacto en la fiscalizaci\u00f3n, producci\u00f3n y el comercio internacional podr\u00eda ser cr\u00edtico.<\/strong><\/p>\n\n\n\n<p>Desde AFSAG Magallanes, queremos alertar sobre las consecuencias inmediatas que esta reducci\u00f3n presupuestaria ya est\u00e1 generando en nuestras capacidades operativas. La falta de recursos se traduce en dificultades para operar en terreno, d\u00e9ficit de personal, restricciones en vi\u00e1ticos y problemas para llevar a cabo fiscalizaciones clave.<\/p>\n\n\n\n<p><strong>Exigir a nuestras funcionarias y funcionarios que contin\u00faen operando con menos recursos, es una precarizaci\u00f3n inaceptable de la funci\u00f3n p\u00fablica<\/strong>, que solo beneficia al Estado a costa de quienes lo sostienen.<\/p>\n\n\n\n<p>Un punto cr\u00edtico que queremos destacar es la posible afectaci\u00f3n a la certificaci\u00f3n de exportaciones, un proceso fundamental para el comercio agropecuario chileno. La falta de personal en puertos y fronteras podr\u00eda atrasar las certificaciones, generando efectos en cadena sobre los env\u00edos de productos agr\u00edcolas y ganaderos.<\/p>\n\n\n\n<p>Por ello, como gremio, exigimos a las autoridades abrir un espacio de di\u00e1logo inmediato para evitar que esta crisis escale. Advertimos que el paro nacional sigue en pie a menos que haya una respuesta concreta antes del 4 de marzo. Este es un problema estructural; no se puede pretender que el SAG funcione adecuadamente con menos recursos y al mismo tiempo exigir una fiscalizaci\u00f3n rigurosa.<\/p>\n\n\n\n<p><strong>Hacemos un llamado a los gremios agr\u00edcolas, gremios pecuarios y a los exportadores para que se sumen a nuestra preocupaci\u00f3n.<\/strong>&nbsp;Es fundamental que expresen su inquietud por esta reducci\u00f3n de recursos, ya que son ellos quienes se ver\u00e1n afectados en los tiempos de certificaci\u00f3n y en los controles sanitarios, lo que generar\u00e1 retrasos y obst\u00e1culos en los mercados internacionales.<\/p>\n\n\n\n<p>Mientras tanto, las\/os funcionarias\/os del SAG nos prepararemos para la movilizaci\u00f3n nacional del 4 de marzo, sin descartar acciones previas en caso de que no se logre una soluci\u00f3n en el corto plazo. Este conflicto se produce en un momento clave para el sector agropecuario exportador chileno, que depende de un SAG operativo y con recursos suficientes para cumplir con las exigencias sanitarias internacionales.<\/p>\n","protected":false},"excerpt":{"rendered":"<p>Junto con saludarlos, por intermedio de la presente y en mi calidad de Presidenta Regional de la Asociaci\u00f3n de Funcionarios del Servicio Agr\u00edcola y Ganadero (AFSAG) de la regi\u00f3n de&#8230; <a class=\"read-more\" href=\"https:\/\/www.radiopresidenteibanez.cl\/web\/afsag-magallanes-alerta-sobre-recorte-presupuestario-al-sag-y-convocatoria-a-paro-nacional\/\">Leer m\u00e1s<\/a><\/p>\n","protected":false},"author":2,"featured_media":54466,"comment_status":"closed","ping_status":"closed","sticky":false,"template":"","format":"standard","meta":{"footnotes":""},"categories":[1],"tags":[],"class_list":["post-54465","post","type-post","status-publish","format-standard","has-post-thumbnail","hentry","category-cronica"],"_links":{"self":[{"href":"https:\/\/www.radiopresidenteibanez.cl\/web\/wp-json\/wp\/v2\/posts\/54465","targetHints":{"allow":["GET"]}}],"collection":[{"href":"https:\/\/www.radiopresidenteibanez.cl\/web\/wp-json\/wp\/v2\/posts"}],"about":[{"href":"https:\/\/www.radiopresidenteibanez.cl\/web\/wp-json\/wp\/v2\/types\/post"}],"author":[{"embeddable":true,"href":"https:\/\/www.radiopresidenteibanez.cl\/web\/wp-json\/wp\/v2\/users\/2"}],"replies":[{"embeddable":true,"href":"https:\/\/www.radiopresidenteibanez.cl\/web\/wp-json\/wp\/v2\/comments?post=54465"}],"version-history":[{"count":0,"href":"https:\/\/www.radiopresidenteibanez.cl\/web\/wp-json\/wp\/v2\/posts\/54465\/revisions"}],"wp:featuredmedia":[{"embeddable":true,"href":"https:\/\/www.radiopresidenteibanez.cl\/web\/wp-json\/wp\/v2\/media\/54466"}],"wp:attachment":[{"href":"https:\/\/www.radiopresidenteibanez.cl\/web\/wp-json\/wp\/v2\/media?parent=54465"}],"wp:term":[{"taxonomy":"category","embeddable":true,"href":"https:\/\/www.radiopresidenteibanez.cl\/web\/wp-json\/wp\/v2\/categories?post=54465"},{"taxonomy":"post_tag","embeddable":true,"href":"https:\/\/www.radiopresidenteibanez.cl\/web\/wp-json\/wp\/v2\/tags?post=54465"}],"curies":[{"name":"wp","href":"https:\/\/api.w.org\/{rel}","templated":true}]}}