{"id":54453,"date":"2025-02-19T11:07:00","date_gmt":"2025-02-19T14:07:00","guid":{"rendered":"https:\/\/www.radiopresidenteibanez.cl\/web\/?p=54453"},"modified":"2025-02-19T09:38:52","modified_gmt":"2025-02-19T12:38:52","slug":"presentacion-del-proyecto-para-mejorar-terminal-maritimo-de-bahia-chilota","status":"publish","type":"post","link":"https:\/\/www.radiopresidenteibanez.cl\/web\/presentacion-del-proyecto-para-mejorar-terminal-maritimo-de-bahia-chilota\/","title":{"rendered":"Presentaci\u00f3n del proyecto para mejorar terminal mar\u00edtimo de Bah\u00eda Chilota"},"content":{"rendered":"\n<p>La exposici\u00f3n se realiz\u00f3 por parte de la Direcci\u00f3n de Obras Portuarias y la Empresa Portuaria<br>Austral, quienes expusieron sobre el proyecto \u201cMejoramiento Y Ampliaci\u00f3n Terminal De<br>Conectividad Bah\u00eda Chilota\u201d ante la solicitud de Capitan\u00eda de Puerto de Tierra del Fuego, con el<br>objetivo de conocer el proyecto y la ejecuci\u00f3n de las obras que se estima, comenzar\u00e1n durante las<br>pr\u00f3ximas semanas.<br>Al encuentro estuvieron convocados distintos actores relevantes para la coordinaci\u00f3n de aspectos<br>a considerar en temas log\u00edsticos, de seguridad, de orden y tr\u00e1fico en el sector: \u201cya que por el<br>motivo de las obras, existir\u00e1n algunos cambios en cuanto a organizaci\u00f3n y utilizaci\u00f3n de los<br>espacios en el sector de Bah\u00eda Chilota\u201d, se\u00f1al\u00f3 el delegado presidencial Jos\u00e9 Camps Prieto, quien<br>manifest\u00f3 su inter\u00e9s en la buena ejecuci\u00f3n de este proyecto, de manera, que se \u201cgeneren la<br>menor cantidad de inconvenientes posibles\u201d, a\u00f1adi\u00f3.<br>El proyecto contempla la reestructuraci\u00f3n y modificaci\u00f3n del Terminal Mar\u00edtimo de Bah\u00eda Chilota,<br>busca principalmente crecer en lo que es el terminal de pasajeros, hoy tenemos 388 metros<br>cuadrados, a los que sumaremos 186 metros cuadrados m\u00e1s. Tambi\u00e9n se suma el reordenamiento<br>de los estacionamientos vehiculares, tambi\u00e9n del acceso de los veh\u00edculos que embarcan al<br>transbordador, habr\u00e1 disponibles cinco carriles de embarque\u201d, se\u00f1al\u00f3 el Seremi de Obras P\u00fablicas,<br>Jos\u00e9 Hern\u00e1ndez.<br>El proyecto fue adjudicado por un monto aproximado de 4 mil millones setecientos<br>aproximadamente y se pretende que las obras duren un a\u00f1o \u201cestamos en coordinaci\u00f3n con las<br>entidades que tienen que ver con la ocupaci\u00f3n del sector del terminal de conectividad para<br>evaluar con ellos, c\u00f3mo va a ser el proceso de construcci\u00f3n, entendiendo que es probable que<br>provoquemos alguna incomodidad a los usuarios, entonces lo que buscamos en que con todas las<br>entidades tanto el municipio, la delegaci\u00f3n provincial, Carabineros, la Armada, ver la forma en que<br>el ordenamiento, el uso diario en el sector no influya en el desarrollo de la obra, no viceversa\u201d.<br>Durante este encuentro se analizaron algunos focos problem\u00e1ticos, de manera de resolver<br>situaciones de se\u00f1alizaci\u00f3n de tr\u00e1fico, estacionamientos provisorios para taxis, veh\u00edculos livianos y<br>camiones, indicando cu\u00e1les ser\u00e1n las v\u00edas para nuestras condiciones de infraestructura y<br>conectividad.<\/p>\n\n\n\n<p>\u201cEn esta reuni\u00f3n participamos distintos servicios: la Municipalidad, Carabineros y Capitan\u00eda de<br>Puerto y pudimos expresar algunas de nuestras consideraciones, ya que las obras traer\u00e1n algunos<br>cambios, es por eso que coordinamos la incorporaci\u00f3n de se\u00f1alizaci\u00f3n y focalizaci\u00f3n en el orden<br>del tr\u00e1nsito sobretodo; finalmente estas obras ser\u00e1n para mejorar nuestras condiciones de<br>infraestructura y conectividad\u201d, indic\u00f3 el delegado Jos\u00e9 Campos.<\/p>\n","protected":false},"excerpt":{"rendered":"<p>La exposici\u00f3n se realiz\u00f3 por parte de la Direcci\u00f3n de Obras Portuarias y la Empresa PortuariaAustral, quienes expusieron sobre el proyecto \u201cMejoramiento Y Ampliaci\u00f3n Terminal DeConectividad Bah\u00eda Chilota\u201d ante la&#8230; <a class=\"read-more\" href=\"https:\/\/www.radiopresidenteibanez.cl\/web\/presentacion-del-proyecto-para-mejorar-terminal-maritimo-de-bahia-chilota\/\">Leer m\u00e1s<\/a><\/p>\n","protected":false},"author":2,"featured_media":54454,"comment_status":"closed","ping_status":"closed","sticky":false,"template":"","format":"standard","meta":{"footnotes":""},"categories":[1],"tags":[],"class_list":["post-54453","post","type-post","status-publish","format-standard","has-post-thumbnail","hentry","category-cronica"],"_links":{"self":[{"href":"https:\/\/www.radiopresidenteibanez.cl\/web\/wp-json\/wp\/v2\/posts\/54453","targetHints":{"allow":["GET"]}}],"collection":[{"href":"https:\/\/www.radiopresidenteibanez.cl\/web\/wp-json\/wp\/v2\/posts"}],"about":[{"href":"https:\/\/www.radiopresidenteibanez.cl\/web\/wp-json\/wp\/v2\/types\/post"}],"author":[{"embeddable":true,"href":"https:\/\/www.radiopresidenteibanez.cl\/web\/wp-json\/wp\/v2\/users\/2"}],"replies":[{"embeddable":true,"href":"https:\/\/www.radiopresidenteibanez.cl\/web\/wp-json\/wp\/v2\/comments?post=54453"}],"version-history":[{"count":0,"href":"https:\/\/www.radiopresidenteibanez.cl\/web\/wp-json\/wp\/v2\/posts\/54453\/revisions"}],"wp:featuredmedia":[{"embeddable":true,"href":"https:\/\/www.radiopresidenteibanez.cl\/web\/wp-json\/wp\/v2\/media\/54454"}],"wp:attachment":[{"href":"https:\/\/www.radiopresidenteibanez.cl\/web\/wp-json\/wp\/v2\/media?parent=54453"}],"wp:term":[{"taxonomy":"category","embeddable":true,"href":"https:\/\/www.radiopresidenteibanez.cl\/web\/wp-json\/wp\/v2\/categories?post=54453"},{"taxonomy":"post_tag","embeddable":true,"href":"https:\/\/www.radiopresidenteibanez.cl\/web\/wp-json\/wp\/v2\/tags?post=54453"}],"curies":[{"name":"wp","href":"https:\/\/api.w.org\/{rel}","templated":true}]}}