{"id":54439,"date":"2025-02-18T17:39:00","date_gmt":"2025-02-18T20:39:00","guid":{"rendered":"https:\/\/www.radiopresidenteibanez.cl\/web\/?p=54439"},"modified":"2025-02-18T10:09:57","modified_gmt":"2025-02-18T13:09:57","slug":"mas-de-mil-personas-participaron-en-la-corrida-supera-tu-marca-en-punta-arenas","status":"publish","type":"post","link":"https:\/\/www.radiopresidenteibanez.cl\/web\/mas-de-mil-personas-participaron-en-la-corrida-supera-tu-marca-en-punta-arenas\/","title":{"rendered":"M\u00e1s de mil personas participaron en la Corrida \u201cSupera tu marca\u201d en Punta Arenas"},"content":{"rendered":"\n<p>Con la participaci\u00f3n de m\u00e1s de mil personas, la corrida familiar \u201cSupera tu marca\u201d congreg\u00f3 a familias en la costanera de Punta Arenas, consolid\u00e1ndose como una experiencia \u00fanica que fomenta la actividad f\u00edsica y los h\u00e1bitos saludables en la comunidad y que son parte de la campa\u00f1a de verano organizada por el Ministerio del Deporte y el Instituto Nacional de Deportes (IND).<\/p>\n\n\n\n<p>Ante esta gran convocatoria, el Seremi de Deportes Alejandro Olate dijo que \u201cestamos muy satisfechos con el inter\u00e9s y la participaci\u00f3n de la comunidad. Esto tambi\u00e9n obedece a lineamientos ministeriales y el trabajo colaborativo entre lo p\u00fablico y privado, que permite que se instalen este tipo de actividades. Estas actividades no solo promueven el deporte, sino que tambi\u00e9n refuerzan valores como la perseverancia, la superaci\u00f3n personal y el trabajo en equipo\u201d.<\/p>\n\n\n\n<p>El evento reuni\u00f3 a familias, amigos, compa\u00f1eros de trabajo, clubes e incluso mascotas, que disfrutaron de una soleada ma\u00f1ana en Punta Arenas, con un recorrido de &nbsp;2.5, 5 y 10 kil\u00f3metros en un tramo por la costanera de la capital regional, en un entorno familiar, seguro y lleno de entretenci\u00f3n.<\/p>\n\n\n\n<p>\u201cSupera tu marca\u201d, la campa\u00f1a del verano 2025 que invit\u00f3 a toda la ciudadan\u00eda a adoptar una vida m\u00e1s activa y alcanzar un mejor bienestar f\u00edsico y mental a trav\u00e9s del deporte y la actividad f\u00edsica.<\/p>\n\n\n\n<p><strong>Contin\u00faa la campa\u00f1a nacional<\/strong><\/p>\n\n\n\n<p>\u201cSupera tu marca\u201d se implement\u00f3 con actividades similares en las 16 regiones del pa\u00eds, reflejando el compromiso del Gobierno de Chile con la promoci\u00f3n de una vida activa y saludable, generando espacios seguros y atractivos para la comunidad.<\/p>\n\n\n\n<p>Por ello, y como a\u00fan queda verano por delante, el llamado de las autoridades a quienes buscan mantener un estilo de vida activo desde casa o explorar nuevas actividades para que ingresen a www.ind.cl y accedan a la plataforma gratuita que el IND dispuso con clases y rutinas personalizadas para todos los niveles. Incluso, en ella podr\u00e1n acceder a un asesoramiento virtual con el apoyo de inteligencia artificial.<\/p>\n","protected":false},"excerpt":{"rendered":"<p>Con la participaci\u00f3n de m\u00e1s de mil personas, la corrida familiar \u201cSupera tu marca\u201d congreg\u00f3 a familias en la costanera de Punta Arenas, consolid\u00e1ndose como una experiencia \u00fanica que fomenta&#8230; <a class=\"read-more\" href=\"https:\/\/www.radiopresidenteibanez.cl\/web\/mas-de-mil-personas-participaron-en-la-corrida-supera-tu-marca-en-punta-arenas\/\">Leer m\u00e1s<\/a><\/p>\n","protected":false},"author":2,"featured_media":54440,"comment_status":"closed","ping_status":"closed","sticky":false,"template":"","format":"standard","meta":{"footnotes":""},"categories":[1],"tags":[],"class_list":["post-54439","post","type-post","status-publish","format-standard","has-post-thumbnail","hentry","category-cronica"],"_links":{"self":[{"href":"https:\/\/www.radiopresidenteibanez.cl\/web\/wp-json\/wp\/v2\/posts\/54439","targetHints":{"allow":["GET"]}}],"collection":[{"href":"https:\/\/www.radiopresidenteibanez.cl\/web\/wp-json\/wp\/v2\/posts"}],"about":[{"href":"https:\/\/www.radiopresidenteibanez.cl\/web\/wp-json\/wp\/v2\/types\/post"}],"author":[{"embeddable":true,"href":"https:\/\/www.radiopresidenteibanez.cl\/web\/wp-json\/wp\/v2\/users\/2"}],"replies":[{"embeddable":true,"href":"https:\/\/www.radiopresidenteibanez.cl\/web\/wp-json\/wp\/v2\/comments?post=54439"}],"version-history":[{"count":0,"href":"https:\/\/www.radiopresidenteibanez.cl\/web\/wp-json\/wp\/v2\/posts\/54439\/revisions"}],"wp:featuredmedia":[{"embeddable":true,"href":"https:\/\/www.radiopresidenteibanez.cl\/web\/wp-json\/wp\/v2\/media\/54440"}],"wp:attachment":[{"href":"https:\/\/www.radiopresidenteibanez.cl\/web\/wp-json\/wp\/v2\/media?parent=54439"}],"wp:term":[{"taxonomy":"category","embeddable":true,"href":"https:\/\/www.radiopresidenteibanez.cl\/web\/wp-json\/wp\/v2\/categories?post=54439"},{"taxonomy":"post_tag","embeddable":true,"href":"https:\/\/www.radiopresidenteibanez.cl\/web\/wp-json\/wp\/v2\/tags?post=54439"}],"curies":[{"name":"wp","href":"https:\/\/api.w.org\/{rel}","templated":true}]}}