{"id":54436,"date":"2025-02-18T16:56:00","date_gmt":"2025-02-18T19:56:00","guid":{"rendered":"https:\/\/www.radiopresidenteibanez.cl\/web\/?p=54436"},"modified":"2025-02-18T10:07:21","modified_gmt":"2025-02-18T13:07:21","slug":"fae-natales-realizo-taller-para-nuevas-familias-de-acogida-de-la-comuna","status":"publish","type":"post","link":"https:\/\/www.radiopresidenteibanez.cl\/web\/fae-natales-realizo-taller-para-nuevas-familias-de-acogida-de-la-comuna\/","title":{"rendered":"FAE Natales realiz\u00f3 taller para nuevas familias de acogida de la comuna"},"content":{"rendered":"\n<p>\u201cTaller de Proceso de Intervenci\u00f3n FAE\u201d, se denomin\u00f3 la actividad realizada este 13 de febrero por el Programa Familias de Acogida Especializada (FAE) de Puerto Natales. La instancia cont\u00f3 con la participaci\u00f3n de 6 nuevos cuidadores y fue impartida por las y los profesionales del programa.<\/p>\n\n\n\n<p>Dicha actividad tuvo como objetivo crear un espacio de di\u00e1logo e interacci\u00f3n entre los cuidadores reci\u00e9n ingresados, as\u00ed como tambi\u00e9n, dar a conocer el proceso de intervenci\u00f3n del programa.<\/p>\n\n\n\n<p>Sobre ello, la directora (s) del FAE Puerto Natales, Alexandra Sandoval Valdebenito, precis\u00f3 que \u201cfue un momento bastante conmovedor, el taller fue significativo porque son familias que comparten una situaci\u00f3n. Juntar a estas familias en un solo lugar fue clave\u201d.<\/p>\n\n\n\n<p>En tanto, Marcela Montiel Subiabre, familia de acogida externa de Natales, coment\u00f3 \u201cme pareci\u00f3 un desaf\u00edo, pero me siento bastante bien porque la estoy cuidando, y eso para mi ya lo es todo. Me siento acompa\u00f1ada por los profesionales del FAE\u201d.&nbsp;&nbsp;&nbsp;&nbsp;<\/p>\n\n\n\n<p><strong>FAE Puerto Natales<\/strong><\/p>\n\n\n\n<p>El Programa Familias de Acogida Especializada (FAE) de Natales pertenece a la oferta program\u00e1tica del Servicio Servicio Nacional de Protecci\u00f3n Especializada a la Ni\u00f1ez y Adolescencia, y es administrado por Fundaci\u00f3n Mi Casa. Trabaja con ni\u00f1os, ni\u00f1as y adolescentes (NNA) de alta vulnerabilidad, quienes deben ser separados de sus familias de origen por orden de un Tribunal. Debido a ello, el Programa busca e instala al NNA en una familia externa o extensa por un periodo transitorio, manteniendo tambi\u00e9n un trabajo de intervenci\u00f3n con su familia de origen en la perspectiva de una posible reintegraci\u00f3n familiar.<\/p>\n\n\n\n<p>\u201cLes dejo la invitaci\u00f3n para formar parte de las familias de acogida, es una responsabilidad en absoluto, no obstante, lo importante es qu\u00e9 estamos dejando en cada ni\u00f1o, ni\u00f1a y adolescente; eso es lo que vale la pena\u201d, agreg\u00f3 la directora (s).&nbsp;<\/p>\n\n\n\n<p>FAE Natales tiene cobertura a nivel provincial incluyendo la comuna de Natales y Torres del Paine, y alcanzando localidades rurales como Puerto Ed\u00e9n, Seno Obstrucci\u00f3n, Villa Renoval y Villa Dorotea.<\/p>\n\n\n\n<p>De un cupo de 34 familias, actualmente son 15 familias las vinculadas al programa, tanto externas como extensas, quienes tienen a su cargo NNA de entre los 0 a los 16 a\u00f1os de edad. Quienes est\u00e9n interesados en formar parte de las familias de acogida, pueden comunicarse al contacto telef\u00f3nico 612-270357, al correo electr\u00f3nico a faepropuertonatales@fundacionmicasa.cl, o acercarse a la oficina ubicada en Yungay N\u00ba 356.&nbsp;&nbsp;&nbsp;&nbsp;&nbsp;&nbsp;&nbsp;&nbsp;&nbsp;&nbsp;&nbsp;&nbsp;&nbsp;&nbsp;&nbsp;&nbsp;&nbsp;&nbsp;&nbsp;&nbsp;&nbsp;&nbsp;&nbsp;&nbsp;&nbsp;&nbsp;&nbsp;&nbsp;&nbsp;&nbsp;&nbsp;&nbsp;&nbsp;&nbsp;&nbsp;&nbsp;&nbsp;&nbsp;&nbsp;&nbsp;&nbsp;&nbsp;&nbsp;&nbsp;&nbsp;&nbsp;&nbsp;&nbsp;&nbsp;&nbsp;&nbsp;&nbsp;&nbsp;&nbsp;&nbsp;&nbsp;&nbsp;&nbsp;&nbsp;&nbsp;&nbsp;&nbsp;&nbsp;&nbsp;&nbsp;&nbsp;&nbsp;&nbsp;&nbsp;&nbsp;&nbsp;&nbsp;&nbsp;&nbsp;&nbsp;&nbsp;&nbsp;&nbsp;&nbsp;&nbsp;&nbsp;&nbsp;&nbsp;&nbsp;&nbsp;&nbsp;&nbsp;&nbsp;&nbsp;&nbsp;&nbsp;&nbsp;&nbsp;&nbsp;&nbsp;&nbsp;&nbsp;&nbsp;&nbsp;&nbsp;&nbsp;&nbsp;&nbsp;&nbsp;&nbsp;&nbsp;&nbsp;&nbsp;&nbsp;&nbsp;&nbsp;&nbsp;&nbsp;&nbsp;&nbsp;&nbsp;&nbsp;&nbsp;&nbsp;&nbsp;&nbsp;&nbsp;&nbsp;&nbsp;&nbsp;&nbsp;&nbsp;&nbsp;&nbsp;&nbsp;&nbsp;&nbsp;&nbsp;&nbsp;&nbsp;&nbsp;&nbsp;&nbsp;&nbsp;&nbsp;&nbsp;&nbsp;&nbsp;&nbsp;&nbsp;&nbsp;&nbsp;&nbsp;&nbsp;&nbsp;&nbsp;&nbsp;&nbsp;&nbsp;&nbsp;&nbsp;&nbsp;&nbsp;&nbsp;&nbsp;&nbsp;&nbsp;&nbsp;&nbsp;&nbsp;&nbsp;&nbsp;&nbsp;&nbsp;&nbsp;&nbsp;&nbsp;&nbsp;&nbsp;&nbsp;&nbsp;&nbsp;&nbsp;&nbsp;&nbsp;&nbsp;&nbsp;&nbsp;&nbsp;&nbsp;&nbsp;&nbsp;&nbsp;&nbsp;&nbsp;&nbsp;&nbsp;&nbsp;&nbsp;&nbsp;&nbsp; &nbsp;&nbsp;&nbsp;&nbsp;&nbsp;&nbsp;&nbsp;&nbsp;&nbsp;&nbsp;&nbsp;&nbsp;&nbsp;&nbsp;&nbsp;&nbsp;&nbsp;&nbsp;&nbsp;&nbsp;&nbsp;&nbsp;&nbsp;&nbsp;&nbsp;&nbsp;&nbsp;&nbsp;&nbsp;&nbsp;&nbsp;&nbsp;&nbsp;&nbsp;&nbsp;&nbsp;&nbsp;&nbsp;&nbsp;&nbsp;&nbsp;&nbsp;&nbsp;&nbsp;&nbsp;&nbsp;&nbsp;&nbsp;&nbsp;&nbsp;&nbsp;&nbsp;&nbsp;&nbsp;&nbsp;&nbsp;&nbsp;&nbsp;&nbsp;&nbsp;&nbsp;&nbsp;&nbsp;&nbsp;&nbsp;&nbsp;&nbsp;&nbsp;&nbsp;&nbsp;&nbsp;&nbsp;&nbsp;&nbsp;&nbsp;&nbsp;&nbsp;&nbsp;&nbsp;&nbsp;&nbsp;&nbsp;&nbsp;&nbsp;&nbsp;&nbsp;&nbsp;&nbsp;&nbsp;&nbsp;&nbsp;&nbsp;&nbsp;&nbsp;&nbsp;&nbsp;&nbsp;&nbsp;&nbsp;&nbsp;&nbsp;&nbsp;&nbsp;&nbsp;&nbsp;&nbsp;&nbsp;&nbsp;&nbsp;&nbsp;&nbsp;&nbsp;&nbsp;&nbsp;&nbsp;&nbsp;&nbsp;&nbsp;&nbsp;&nbsp;&nbsp;&nbsp;&nbsp;&nbsp;&nbsp;&nbsp;&nbsp;&nbsp;&nbsp;&nbsp;&nbsp;&nbsp;&nbsp;&nbsp;&nbsp;&nbsp;&nbsp;&nbsp;&nbsp;&nbsp;&nbsp;&nbsp;&nbsp;&nbsp;&nbsp;&nbsp;&nbsp;&nbsp;&nbsp;&nbsp;&nbsp;&nbsp;&nbsp;&nbsp;&nbsp;&nbsp;&nbsp;&nbsp;&nbsp;&nbsp;&nbsp;&nbsp;&nbsp;&nbsp;&nbsp;&nbsp;&nbsp;&nbsp;&nbsp;&nbsp;&nbsp;&nbsp;&nbsp;&nbsp;&nbsp;&nbsp;&nbsp;&nbsp;&nbsp;&nbsp;&nbsp;&nbsp;&nbsp;&nbsp;&nbsp;&nbsp;&nbsp;&nbsp;&nbsp;&nbsp;&nbsp;&nbsp;&nbsp;&nbsp;&nbsp;&nbsp;&nbsp;&nbsp;&nbsp;&nbsp;&nbsp;&nbsp;&nbsp;&nbsp;&nbsp;&nbsp;&nbsp;&nbsp;&nbsp;&nbsp;&nbsp;&nbsp;&nbsp;&nbsp;&nbsp;&nbsp;&nbsp;&nbsp;&nbsp;&nbsp;&nbsp;&nbsp;&nbsp;&nbsp;&nbsp;&nbsp;&nbsp;&nbsp;&nbsp;&nbsp;&nbsp;&nbsp;&nbsp;&nbsp;&nbsp;&nbsp;&nbsp;&nbsp;&nbsp;&nbsp;&nbsp;&nbsp;&nbsp;&nbsp;&nbsp;&nbsp;&nbsp;&nbsp;&nbsp;&nbsp;&nbsp;&nbsp;&nbsp;&nbsp;&nbsp;&nbsp;&nbsp;&nbsp;&nbsp;&nbsp;&nbsp;&nbsp;&nbsp;&nbsp;&nbsp;&nbsp;&nbsp;&nbsp;&nbsp;&nbsp;&nbsp;&nbsp;&nbsp;&nbsp;&nbsp;&nbsp;&nbsp;&nbsp;&nbsp;&nbsp;&nbsp;&nbsp;&nbsp;&nbsp;&nbsp;&nbsp;&nbsp;&nbsp;<\/p>\n","protected":false},"excerpt":{"rendered":"<p>\u201cTaller de Proceso de Intervenci\u00f3n FAE\u201d, se denomin\u00f3 la actividad realizada este 13 de febrero por el Programa Familias de Acogida Especializada (FAE) de Puerto Natales. La instancia cont\u00f3 con&#8230; <a class=\"read-more\" href=\"https:\/\/www.radiopresidenteibanez.cl\/web\/fae-natales-realizo-taller-para-nuevas-familias-de-acogida-de-la-comuna\/\">Leer m\u00e1s<\/a><\/p>\n","protected":false},"author":2,"featured_media":54437,"comment_status":"closed","ping_status":"closed","sticky":false,"template":"","format":"standard","meta":{"footnotes":""},"categories":[1],"tags":[],"class_list":["post-54436","post","type-post","status-publish","format-standard","has-post-thumbnail","hentry","category-cronica"],"_links":{"self":[{"href":"https:\/\/www.radiopresidenteibanez.cl\/web\/wp-json\/wp\/v2\/posts\/54436","targetHints":{"allow":["GET"]}}],"collection":[{"href":"https:\/\/www.radiopresidenteibanez.cl\/web\/wp-json\/wp\/v2\/posts"}],"about":[{"href":"https:\/\/www.radiopresidenteibanez.cl\/web\/wp-json\/wp\/v2\/types\/post"}],"author":[{"embeddable":true,"href":"https:\/\/www.radiopresidenteibanez.cl\/web\/wp-json\/wp\/v2\/users\/2"}],"replies":[{"embeddable":true,"href":"https:\/\/www.radiopresidenteibanez.cl\/web\/wp-json\/wp\/v2\/comments?post=54436"}],"version-history":[{"count":0,"href":"https:\/\/www.radiopresidenteibanez.cl\/web\/wp-json\/wp\/v2\/posts\/54436\/revisions"}],"wp:featuredmedia":[{"embeddable":true,"href":"https:\/\/www.radiopresidenteibanez.cl\/web\/wp-json\/wp\/v2\/media\/54437"}],"wp:attachment":[{"href":"https:\/\/www.radiopresidenteibanez.cl\/web\/wp-json\/wp\/v2\/media?parent=54436"}],"wp:term":[{"taxonomy":"category","embeddable":true,"href":"https:\/\/www.radiopresidenteibanez.cl\/web\/wp-json\/wp\/v2\/categories?post=54436"},{"taxonomy":"post_tag","embeddable":true,"href":"https:\/\/www.radiopresidenteibanez.cl\/web\/wp-json\/wp\/v2\/tags?post=54436"}],"curies":[{"name":"wp","href":"https:\/\/api.w.org\/{rel}","templated":true}]}}