{"id":54433,"date":"2025-02-18T15:26:00","date_gmt":"2025-02-18T18:26:00","guid":{"rendered":"https:\/\/www.radiopresidenteibanez.cl\/web\/?p=54433"},"modified":"2025-02-18T10:03:56","modified_gmt":"2025-02-18T13:03:56","slug":"fuas-2025-comenzo-el-segundo-periodo-de-postulacion-a-gratuidad-y-beneficios-estudiantiles","status":"publish","type":"post","link":"https:\/\/www.radiopresidenteibanez.cl\/web\/fuas-2025-comenzo-el-segundo-periodo-de-postulacion-a-gratuidad-y-beneficios-estudiantiles\/","title":{"rendered":"FUAS 2025:\u00a0Comenz\u00f3 el segundo per\u00edodo de postulaci\u00f3n a gratuidad y beneficios estudiantiles"},"content":{"rendered":"\n<p>El jueves reci\u00e9n pasado comenz\u00f3 el segundo plazo de postulaci\u00f3n a gratuidad, becas y otros beneficios estudiantiles que ofrece el Estado para las y los estudiantes que ingresan a la educaci\u00f3n superior, ya sea a institutos profesionales, centros de formaci\u00f3n t\u00e9cnica o universidades, y para aquellos que ya cursan una carrera, pero no cuentan con ayudas del Estado. El plazo se extender\u00e1 hasta las 14:00 horas del jueves 14 de marzo.<\/p>\n\n\n\n<p>Las y los interesados deber\u00e1n completar, desde celulares, tablets o computadores, el Formulario \u00danico de Acreditaci\u00f3n Socioecon\u00f3mica (FUAS), disponible en el sitio web&nbsp;<a href=\"https:\/\/www.fuas.cl\/\" target=\"_blank\" rel=\"noreferrer noopener\">www.fuas.cl<\/a>. All\u00ed deber\u00e1n acreditar principalmente antecedentes familiares y socioecon\u00f3micos. Luego el Mineduc, a trav\u00e9s de la Subsecretar\u00eda de Educaci\u00f3n Superior, validar\u00e1 la informaci\u00f3n y determinar\u00e1 el nivel de ingresos y cumplimiento de otros requisitos establecidos en la normativa para el otorgamiento de los distintos beneficios estudiantiles disponibles.<\/p>\n\n\n\n<p>El subsecretario de Educaci\u00f3n Superior, V\u00edctor Orellana Calder\u00f3n<strong>,<\/strong>&nbsp;explic\u00f3 que \u201cparte del trabajo que estamos realizando para garantizar el acceso a la educaci\u00f3n busca que las y los estudiantes est\u00e9n atentos a este tipo de llamados y puedan completar, en este caso, el FUAS. No queremos que nadie se quede abajo de este proceso; por el contrario, queremos contribuir a que las y los postulantes puedan estudiar, ya sea una carrera universitaria o t\u00e9cnico profesional. Tenemos la convicci\u00f3n de que se necesitan m\u00e1s oportunidades para quienes entran a la educaci\u00f3n superior y esta instancia es una que se debe aprovechar. La educaci\u00f3n es un derecho y en eso seguimos trabajando d\u00eda a d\u00eda\u201d.<\/p>\n\n\n\n<p>En tanto, el seremi de Educaci\u00f3n, Valent\u00edn Aguilera G\u00f3mez, se\u00f1al\u00f3: \u201cHoy, junto al gobierno de Gabriel Boric reafirmamos el derecho de acceso a la Educaci\u00f3n y hacemos un llamado a postular a la gratuidad, becas y beneficios estudiantiles a trav\u00e9s del FUAS, para que el financiamiento no sea una barrera para desarrollar las vocaciones, los sue\u00f1os y los intereses de cada estudiante\u201d.<\/p>\n\n\n\n<p>Cabe destacar, que el segundo proceso de postulaci\u00f3n al FUAS tiene otras fechas relevantes: el pr\u00f3ximo 21 de abril estar\u00e1 disponible la informaci\u00f3n del Nivel Socioecon\u00f3mico, mientras que los resultados de Asignaci\u00f3n ser\u00e1n publicados el 28 de mayo. El per\u00edodo de Apelaci\u00f3n de este segundo periodo comienza el 28 de mayo y se extender\u00e1 hasta el 12 de junio de este a\u00f1o. Estas fechas importantes y los resultados de las distintas etapas se podr\u00e1n revisar en&nbsp;<a href=\"https:\/\/portal.beneficiosestudiantiles.cl\/\" target=\"_blank\" rel=\"noreferrer noopener\">www.beneficiosestudiantiles.cl<\/a>&nbsp;y en&nbsp;<a href=\"https:\/\/resultados.beneficiosestudiantiles.cl\/login\" target=\"_blank\" rel=\"noreferrer noopener\">https:\/\/resultados.beneficiosestudiantiles.cl<\/a>&nbsp;respectivamente.<\/p>\n","protected":false},"excerpt":{"rendered":"<p>El jueves reci\u00e9n pasado comenz\u00f3 el segundo plazo de postulaci\u00f3n a gratuidad, becas y otros beneficios estudiantiles que ofrece el Estado para las y los estudiantes que ingresan a la&#8230; <a class=\"read-more\" href=\"https:\/\/www.radiopresidenteibanez.cl\/web\/fuas-2025-comenzo-el-segundo-periodo-de-postulacion-a-gratuidad-y-beneficios-estudiantiles\/\">Leer m\u00e1s<\/a><\/p>\n","protected":false},"author":2,"featured_media":54434,"comment_status":"closed","ping_status":"closed","sticky":false,"template":"","format":"standard","meta":{"footnotes":""},"categories":[1],"tags":[],"class_list":["post-54433","post","type-post","status-publish","format-standard","has-post-thumbnail","hentry","category-cronica"],"_links":{"self":[{"href":"https:\/\/www.radiopresidenteibanez.cl\/web\/wp-json\/wp\/v2\/posts\/54433","targetHints":{"allow":["GET"]}}],"collection":[{"href":"https:\/\/www.radiopresidenteibanez.cl\/web\/wp-json\/wp\/v2\/posts"}],"about":[{"href":"https:\/\/www.radiopresidenteibanez.cl\/web\/wp-json\/wp\/v2\/types\/post"}],"author":[{"embeddable":true,"href":"https:\/\/www.radiopresidenteibanez.cl\/web\/wp-json\/wp\/v2\/users\/2"}],"replies":[{"embeddable":true,"href":"https:\/\/www.radiopresidenteibanez.cl\/web\/wp-json\/wp\/v2\/comments?post=54433"}],"version-history":[{"count":0,"href":"https:\/\/www.radiopresidenteibanez.cl\/web\/wp-json\/wp\/v2\/posts\/54433\/revisions"}],"wp:featuredmedia":[{"embeddable":true,"href":"https:\/\/www.radiopresidenteibanez.cl\/web\/wp-json\/wp\/v2\/media\/54434"}],"wp:attachment":[{"href":"https:\/\/www.radiopresidenteibanez.cl\/web\/wp-json\/wp\/v2\/media?parent=54433"}],"wp:term":[{"taxonomy":"category","embeddable":true,"href":"https:\/\/www.radiopresidenteibanez.cl\/web\/wp-json\/wp\/v2\/categories?post=54433"},{"taxonomy":"post_tag","embeddable":true,"href":"https:\/\/www.radiopresidenteibanez.cl\/web\/wp-json\/wp\/v2\/tags?post=54433"}],"curies":[{"name":"wp","href":"https:\/\/api.w.org\/{rel}","templated":true}]}}