{"id":54427,"date":"2025-02-18T12:07:00","date_gmt":"2025-02-18T15:07:00","guid":{"rendered":"https:\/\/www.radiopresidenteibanez.cl\/web\/?p=54427"},"modified":"2025-02-18T09:50:27","modified_gmt":"2025-02-18T12:50:27","slug":"anuncian-reajuste-en-tarifas-del-transporte-publico-en-rio-seco","status":"publish","type":"post","link":"https:\/\/www.radiopresidenteibanez.cl\/web\/anuncian-reajuste-en-tarifas-del-transporte-publico-en-rio-seco\/","title":{"rendered":"ANUNCIAN REAJUSTE EN TARIFAS DEL TRANSPORTE P\u00daBLICO EN RIO SECO"},"content":{"rendered":"\n<p>Desde el 23 de febrero de este a\u00f1o, las tarifas del transporte p\u00fablico en R\u00edo Seco tendr\u00e1n un ajuste en su valor, seg\u00fan lo anunciado por el Ministerio de Transportes y Telecomunicaciones (MTT).<br>\u201cEl reajuste de la tarifa de los pasajes del transporte p\u00fablico mayor para el sistema del<br>sector de R\u00edo Seco, considera una serie de factores. Por una parte, la realidad de las<br>econom\u00edas familiares y por otra, la optimizaci\u00f3n de los recursos que permitan continuar<br>concretando mejoras para todos los sistemas de movilidad local, elevando la calidad de los<br>servicios ofrecidos\u00bb inform\u00f3 al respecto, el seremi de Transportes y Telecomunicaciones de<br>la regi\u00f3n, Alejandro Goich.<br>Esta modificaci\u00f3n de tarifas permitir\u00e1 al MTT impulsar el desarrollo de m\u00e1s y mejores<br>condiciones del transporte p\u00fablico en regiones, fomentando la equidad territorial y la<br>modernizaci\u00f3n mediante diversos proyectos propios y colaborativos.<\/p>\n\n\n\n<p>Nuevas tarifas en servicio R\u00edo Seco-Loteos<br>Servicio Tarifa Adulto ($) Tarifa Adulto Mayor<\/p>\n\n\n\n<p>($) Tarifa Estudiante ($)<br>10 450 220 150<br>10H 450 220 150<br>11 500 250 170<br>11H 500 250 170<br>12 400 200 130<br>\u201cEl MTT trabaja para apoyar a todas las personas que viven en zonas urbanas, rurales,<br>apartadas o aisladas para que puedan movilizarse de forma digna. Lo mismo con miles de<br>escolares que pueden llegar a sus lugares de educaci\u00f3n gracias a los veh\u00edculos subsidiados<br>por el ministerio\u201d, a\u00f1adi\u00f3 Goich.<br>Cabe destacar que las tarifas del transporte p\u00fablico subsidiado en regiones se establecen y<br>regulan mediante un polinomio y var\u00edan seg\u00fan factores externos como el valor del di\u00e9sel,<br>del d\u00f3lar, inflaci\u00f3n, entre otras.<\/p>\n","protected":false},"excerpt":{"rendered":"<p>Desde el 23 de febrero de este a\u00f1o, las tarifas del transporte p\u00fablico en R\u00edo Seco tendr\u00e1n un ajuste en su valor, seg\u00fan lo anunciado por el Ministerio de Transportes&#8230; <a class=\"read-more\" href=\"https:\/\/www.radiopresidenteibanez.cl\/web\/anuncian-reajuste-en-tarifas-del-transporte-publico-en-rio-seco\/\">Leer m\u00e1s<\/a><\/p>\n","protected":false},"author":2,"featured_media":54428,"comment_status":"closed","ping_status":"closed","sticky":false,"template":"","format":"standard","meta":{"footnotes":""},"categories":[1],"tags":[],"class_list":["post-54427","post","type-post","status-publish","format-standard","has-post-thumbnail","hentry","category-cronica"],"_links":{"self":[{"href":"https:\/\/www.radiopresidenteibanez.cl\/web\/wp-json\/wp\/v2\/posts\/54427","targetHints":{"allow":["GET"]}}],"collection":[{"href":"https:\/\/www.radiopresidenteibanez.cl\/web\/wp-json\/wp\/v2\/posts"}],"about":[{"href":"https:\/\/www.radiopresidenteibanez.cl\/web\/wp-json\/wp\/v2\/types\/post"}],"author":[{"embeddable":true,"href":"https:\/\/www.radiopresidenteibanez.cl\/web\/wp-json\/wp\/v2\/users\/2"}],"replies":[{"embeddable":true,"href":"https:\/\/www.radiopresidenteibanez.cl\/web\/wp-json\/wp\/v2\/comments?post=54427"}],"version-history":[{"count":0,"href":"https:\/\/www.radiopresidenteibanez.cl\/web\/wp-json\/wp\/v2\/posts\/54427\/revisions"}],"wp:featuredmedia":[{"embeddable":true,"href":"https:\/\/www.radiopresidenteibanez.cl\/web\/wp-json\/wp\/v2\/media\/54428"}],"wp:attachment":[{"href":"https:\/\/www.radiopresidenteibanez.cl\/web\/wp-json\/wp\/v2\/media?parent=54427"}],"wp:term":[{"taxonomy":"category","embeddable":true,"href":"https:\/\/www.radiopresidenteibanez.cl\/web\/wp-json\/wp\/v2\/categories?post=54427"},{"taxonomy":"post_tag","embeddable":true,"href":"https:\/\/www.radiopresidenteibanez.cl\/web\/wp-json\/wp\/v2\/tags?post=54427"}],"curies":[{"name":"wp","href":"https:\/\/api.w.org\/{rel}","templated":true}]}}