{"id":54416,"date":"2025-02-17T19:49:51","date_gmt":"2025-02-17T22:49:51","guid":{"rendered":"https:\/\/www.radiopresidenteibanez.cl\/web\/?p=54416"},"modified":"2025-02-17T19:49:57","modified_gmt":"2025-02-17T22:49:57","slug":"servinaut-informa-pronostico-regional-maritimo-42","status":"publish","type":"post","link":"https:\/\/www.radiopresidenteibanez.cl\/web\/servinaut-informa-pronostico-regional-maritimo-42\/","title":{"rendered":"SERVINAUT INFORMA: PRON\u00d3STICO REGIONAL MAR\u00cdTIMO"},"content":{"rendered":"\n<p>V\u00e1lido hasta 20:00 horas del martes 18 de febrero de 2025.<\/p>\n\n\n\n<p><a href=\"https:\/\/www.latercera.com\/autor\/oscar-guillermo-garreton\"><br><br><\/a><\/p>\n\n\n\n<p><\/p>\n\n\n\n<p><strong>ZONA SIETE (FARO SAN PEDRO A FARO EVANGELISTAS):<\/strong><\/p>\n\n\n\n<p>SITUACI\u00d3N SIN\u00d3PTICA: POSTFRONTAL A MARGEN FRONTAL.<\/p>\n\n\n\n<p>PRON\u00d3STICO: CUBIERTO, VIS 6\/8 KM LLUVIA\/CHUBASCOS, VTO W\/NW ROLANDO AL N\/NW 15\/30 NDS RACHAS 45 NDS, MAR GRUESA A MUY GRUESA (3.5\/4.5 MT) COMO MAR DE FONDO DEL W\/SW<\/p>\n\n\n\n<p><strong>ZONA OCHO (F.EVANGELISTAS A LAT 60 GDS SUR<\/strong>):<\/p>\n\n\n\n<p>SITUACI\u00d3N SIN\u00d3PTICA: PREFRONTAL A FRONTAL.<\/p>\n\n\n\n<p>PRON\u00d3STICO: (F.EVANGELISTAS A LAT 56 GDS SUR): CUBIERTO, VIS 6\/8 KM LLUVIA\/CHUBASCOS, VTO W\/NW ROLANDO AL N\/NW 20\/35 NDS RACHAS 50 NDS, MAR GRUESA A MUY GRUESA (3.5\/4.5 MT) COMO MAR DE FONDO DEL W\/SW.<\/p>\n\n\n\n<p>(LAT 56 GDS SUR A LAT 60 GDS SUR): CUBIERTO, VIS 6\/8 KM LLUVIA\/CHUBASCOS, VTO S\/SW ROLANDO AL N\/NW 15\/20 NDS RACHAS 30 NDS, MAR GRUESA (2.5\/4.0 MT) COMO MAR DE FONDO DEL W\/SW.<\/p>\n\n\n\n<p><strong>ESTRECHO NELSON:<\/strong><\/p>\n\n\n\n<p>CUBIERTO, VIS 6\/8 KM LLUVIA\/CHUBASCOS, VTO W\/NW ROLANDO AL N\/NW 20\/35 NDS RACHAS 50 NDS, MAR GRUESA (3.4\/4.0 MT) COMO MAR DE FONDO DEL W\/SW<\/p>\n\n\n\n<p><strong>PUERTO NATALES:<\/strong><\/p>\n\n\n\n<p>CUBIERTO OCASIONAL NUBLADO, VIS 10 KM CHUBASCOS, VTO W\/NW 5\/10 NDS RACHAS 25 NDS, MAR RIZADA EN BAH\u00cdA.<\/p>\n\n\n\n<p>TEMPERATURA M\u00c1XIMA PROBABLE : 17.0 \u00b0C.<\/p>\n\n\n\n<p><strong>PASO TAMAR<\/strong>:<\/p>\n\n\n\n<p>CUBIERTO, VIS 6\/8 KM LLUVIA\/CHUBASCOS, VTO W\/NW ROLANDO AL N\/NW 25\/35 NDS RACHAS 50 NDS, MAR MAREJADA A GRUESA (2.0\/3.0 MT).<\/p>\n\n\n\n<p><strong>FARO F\u00c9LIX A CABO FROWARD:<\/strong><\/p>\n\n\n\n<p>CUBIERTO, VIS 6\/8 KM LLUVIA\/CHUBASCOS, VTO W\/NW ROLANDO AL N\/NW 15\/30 NDS RACHAS 40 NDS ROLANDO Y DISMINUYENDO HACIA CABO FROWARD W\/SW 20\/10 NDS RACHAS 30 NDS, MAR MAREJADA A MAREJADILLA (2.5\/1.0 MT).<\/p>\n\n\n\n<p><strong>CABO FROWARD A PUNTA DELGADA:<\/strong><\/p>\n\n\n\n<p>CUBIERTO, VIS 10 KM, VTO W\/SW ROLANDO AL N\/NE 20\/10 NDS RACHAS 30 NDS, MAR MAREJADILLA A MAREJADA (1.0\/2.5 MT).<\/p>\n\n\n\n<p><strong>PUNTA ARENAS:<\/strong><\/p>\n\n\n\n<p>CUBIERTO, VIS 10 KM CHUBASCOS, VTO W\/SW ROLANDO AL N\/NW 15\/10 NDS RACHAS 35 NDS, MAR MAREJADILLA A RIZADA EN BAH\u00cdA.<\/p>\n\n\n\n<p>TEMPERATURA M\u00c1XIMA PROBABLE : 15.0 \u00b0C.<\/p>\n\n\n\n<p><strong>PTA. DELGADA\/DUNGENESS:<\/strong><\/p>\n\n\n\n<p>NUBLADO A CUBIERTO, VIS 10 KM, VTO W\/SW ROLANDO AL N\/NW 25\/10 NDS RACHAS 40 NDS, MAR MAREJADILLA A MAREJADA (1.0\/2.5 MT).<\/p>\n\n\n\n<p><strong>CANAL BRECKNOCK:<\/strong><\/p>\n\n\n\n<p>CUBIERTO, VIS 6\/8 KM LLUVIA\/CHUBASCOS, VTO W\/SW ROLANDO AL N\/NW 15\/25 NDS RACHAS 35 NDS, MAR GRUESA (2.5\/3.5 MT) COMO MAR DE FONDO DEL W\/SW.<\/p>\n\n\n\n<p><strong>TIMBALES A PUERTO NAVARINO:<\/strong><\/p>\n\n\n\n<p>CUBIERTO, VIS 6\/8 KM LLUVIA\/CHUBASCOS, VTO N\/NW ROLANDO AL N\/NE 5\/15 NDS DISMINUYENDO HACIA PUERTO NAVARINO A CALMA, MAR LLANA A RIZADA (0.1\/0.5 MT).<\/p>\n\n\n\n<p><strong>PUERTO NAVARINO A ISLA NUEVA:<\/strong><\/p>\n\n\n\n<p>CUBIERTO, VIS 10 KM CHUBASCOS, VTO CALMA AUMENTANDO HACIA ISLA NUEVA AL W\/SW 20\/10 NDS RACHAS 30 NDS, MAR RIZADA (0.2\/0.5 MT).<\/p>\n\n\n\n<p><strong>PUERTO WILLIAMS:<\/strong><\/p>\n\n\n\n<p>CUBIERTO, VIS 6\/8 KM NEBLINA\/AGUANIEVE, VTO CALMA, MAR RIZADA EN BAH\u00cdA.<\/p>\n\n\n\n<p>TEMPERATURA M\u00c1XIMA PROBABLE : 13.0 \u00b0C.<\/p>\n\n\n\n<p><strong>BAH\u00cdA NASSAU A CABO DE HORNOS:<\/strong><\/p>\n\n\n\n<p>CUBIERTO, VIS 6\/8 KM LLUVIA\/CHUBASCOS, VTO W\/SW ROLANDO AL W\/NW 20\/10 NDS RACHAS 30 NDS, MAR MAREJADA (2.0\/2.5 MT).&nbsp;&nbsp;&nbsp;&nbsp;&nbsp;&nbsp;&nbsp;&nbsp;&nbsp;&nbsp;&nbsp;&nbsp;<\/p>\n\n\n\n<p><strong>CABO DE HORNOS:<\/strong><\/p>\n\n\n\n<p><a>CUBIERTO, VIS 6\/8 KM LLUVIA\/CHUBASCOS, VTO W\/SW ROLANDO AL W\/NW 15\/25 NDS RACHAS 35 NDS, MAR MAREJADA A GRUESA (2.0\/3.0 MT).<\/a><\/p>\n\n\n\n<p><strong><em>INFORMACI\u00d3N ELABORADA POR EL CENTRO METEOROL\u00d3GICO MAR\u00cdTIMO DE MAGALLANES<\/em><\/strong><\/p>\n","protected":false},"excerpt":{"rendered":"<p>V\u00e1lido hasta 20:00 horas del martes 18 de febrero de 2025. ZONA SIETE (FARO SAN PEDRO A FARO EVANGELISTAS): SITUACI\u00d3N SIN\u00d3PTICA: POSTFRONTAL A MARGEN FRONTAL. PRON\u00d3STICO: CUBIERTO, VIS 6\/8 KM&#8230; <a class=\"read-more\" href=\"https:\/\/www.radiopresidenteibanez.cl\/web\/servinaut-informa-pronostico-regional-maritimo-42\/\">Leer m\u00e1s<\/a><\/p>\n","protected":false},"author":2,"featured_media":54265,"comment_status":"closed","ping_status":"closed","sticky":false,"template":"","format":"standard","meta":{"footnotes":""},"categories":[1],"tags":[],"class_list":["post-54416","post","type-post","status-publish","format-standard","has-post-thumbnail","hentry","category-cronica"],"_links":{"self":[{"href":"https:\/\/www.radiopresidenteibanez.cl\/web\/wp-json\/wp\/v2\/posts\/54416","targetHints":{"allow":["GET"]}}],"collection":[{"href":"https:\/\/www.radiopresidenteibanez.cl\/web\/wp-json\/wp\/v2\/posts"}],"about":[{"href":"https:\/\/www.radiopresidenteibanez.cl\/web\/wp-json\/wp\/v2\/types\/post"}],"author":[{"embeddable":true,"href":"https:\/\/www.radiopresidenteibanez.cl\/web\/wp-json\/wp\/v2\/users\/2"}],"replies":[{"embeddable":true,"href":"https:\/\/www.radiopresidenteibanez.cl\/web\/wp-json\/wp\/v2\/comments?post=54416"}],"version-history":[{"count":0,"href":"https:\/\/www.radiopresidenteibanez.cl\/web\/wp-json\/wp\/v2\/posts\/54416\/revisions"}],"wp:featuredmedia":[{"embeddable":true,"href":"https:\/\/www.radiopresidenteibanez.cl\/web\/wp-json\/wp\/v2\/media\/54265"}],"wp:attachment":[{"href":"https:\/\/www.radiopresidenteibanez.cl\/web\/wp-json\/wp\/v2\/media?parent=54416"}],"wp:term":[{"taxonomy":"category","embeddable":true,"href":"https:\/\/www.radiopresidenteibanez.cl\/web\/wp-json\/wp\/v2\/categories?post=54416"},{"taxonomy":"post_tag","embeddable":true,"href":"https:\/\/www.radiopresidenteibanez.cl\/web\/wp-json\/wp\/v2\/tags?post=54416"}],"curies":[{"name":"wp","href":"https:\/\/api.w.org\/{rel}","templated":true}]}}