{"id":54401,"date":"2025-02-17T11:09:00","date_gmt":"2025-02-17T14:09:00","guid":{"rendered":"https:\/\/www.radiopresidenteibanez.cl\/web\/?p=54401"},"modified":"2025-02-17T09:55:02","modified_gmt":"2025-02-17T12:55:02","slug":"con-reconocimiento-a-su-primer-motosierrista-certificado-lenga-12-conmemora-el-dia-nacional-de-las-y-los-brigadistas-forestales-en-puerto-williams","status":"publish","type":"post","link":"https:\/\/www.radiopresidenteibanez.cl\/web\/con-reconocimiento-a-su-primer-motosierrista-certificado-lenga-12-conmemora-el-dia-nacional-de-las-y-los-brigadistas-forestales-en-puerto-williams\/","title":{"rendered":"Con reconocimiento a su primer motosierrista certificado, \u201cLenga-12\u201d conmemora el D\u00eda Nacional de las y los Brigadistas Forestales en Puerto Williams"},"content":{"rendered":"\n<p>Mediante una emotiva ceremonia, la brigada forestal m\u00e1s austral del mundo, \u201cLenga-12\u201d, conmemor\u00f3 el D\u00eda Nacional de las y los Brigadistas Forestales en Puerto Williams, ocasi\u00f3n en la que estuvieron presentes diversas autoridades locales y fue reconocido uno de sus integrantes como el primer motosierrista certificado del organismo dependiente de Conaf.<\/p>\n\n\n\n<p>En la instancia, realizada en el auditorio del Centro Subant\u00e1rtico Cabo de Hornos, la delegada presidencial provincial de la Ant\u00e1rtica Chilena, Constanza Calisto Gallardo, destac\u00f3 a todas las personas que desempe\u00f1an acciones preventivas y de combate contra incendios forestales en pos de proteger a la poblaci\u00f3n y los recursos naturales de la naci\u00f3n.<\/p>\n\n\n\n<p>\u201cEstamos sumamente agradecidos por la labor que desarrollan a lo largo de nuestro hermoso pa\u00eds. No queremos estar exentos de poder felicitar a la brigada Lenga-12, y hemos visto c\u00f3mo han pasado distintas generaciones de la mismas familias de nuestro querido Puerto Williams, por lo tanto, la labor abnegada que han brindado para la protecci\u00f3n frente a los incendios forestales, es fundamental. Adem\u00e1s, hay que honrar a todas aquellas personas que dieron la vida en el combate contra los incendios forestales. La responsabilidad es de todos. Todos tenemos que construir un Chile mejor, por lo tanto, el llamado siempre es a la precauci\u00f3n\u201d, sostuvo la m\u00e1xima autoridad provincial.<\/p>\n\n\n\n<p>Cabe mencionar que cada 15 de febrero se recuerda esta efem\u00e9ride a nivel nacional, luego que en dicha fecha de 2009 fallecieran 12 brigadistas de Forestal Celco y el piloto de un helic\u00f3ptero de la empresa Flight Service en un accidente a\u00e9reo en la comuna de Chanco, Regi\u00f3n del Maule. Adem\u00e1s, en esta ocasi\u00f3n se realza el esfuerzo y entrega del personal de diferentes instituciones p\u00fablicas, como Conaf, Fuerzas Armadas, Bomberos, y la empresa privada.<\/p>\n\n\n\n<p>En este sentido, el encargado del Distrito Cabo de Hornos del Departamento de Protecci\u00f3n Contra Incendios Forestales de Conaf \u00c1rea Cabo de Hornos, C\u00e9sar Lobos, remarc\u00f3 el trabajo constante de la brigada \u201cLenga-12\u201d, que cumple su sexta temporada consecutiva. \u201cFue muy satisfactorio ver a los j\u00f3venes brigadistas. Como equipo de trabajo ellos logran realizar diferentes actividades, y gracias a Dios no hemos tenido incendios en Puerto Williams\u201d, manifest\u00f3.<\/p>\n\n\n\n<p>Pese a este \u00faltimo antecedente, Lobos remarc\u00f3 que frente a los actuales incendios forestales en la regi\u00f3n de La Araucan\u00eda, \u201csi existe la posibilidad de movilizar a alg\u00fan personal de Williams, los j\u00f3venes est\u00e1n preparados para ir a prestar apoyo\u201d, algo que ya se ha evidenciado esta temporada con el traslado de brigadistas de otras \u00e1reas de la regi\u00f3n de Magallanes a la zona sur del pa\u00eds.<\/p>\n\n\n\n<p>Primer motosierrista certificado<\/p>\n\n\n\n<p>En la ceremonia, el brigadista Ariel Seguel, quien cumple su tercera temporada en \u201cLenga-12\u201d, fue reconocido con un diploma que lo certific\u00f3 oficialmente como motosierrista tras participar en un curso impartido en Punta Arenas, siendo el primero en la historia del organismo local en obtenerlo.<\/p>\n\n\n\n<p>\u201cEstoy bastante agradecido con que se nombrara este logro. Yo lo veo no simplemente por m\u00ed, sino que por la brigada, ya que en estos momentos estoy ense\u00f1\u00e1ndole a otra persona c\u00f3mo es el uso de la motosierra. No es un logro simplemente para m\u00ed, sino que para mi familia y tambi\u00e9n para los otros integrantes de la brigada\u201d, mencion\u00f3 Seguel, quien detall\u00f3 que durante esta temporada se han realizado cortes de al menos siete \u00e1rboles tanto en el sendero del cerro Bandera como en el Parque Municipal Ukika, con el fin de resguardar la seguridad de quienes recorren estos lugares.<\/p>\n\n\n\n<p>\u201cEs una experiencia bien esforzada, no es algo que sea sencillo. Uno aprende bastante dentro de lo que es la brigada, no s\u00f3lo como motosierrista. Uno aprende a ver las cosas de manera distinta y de que no todo es simplemente para recreaci\u00f3n, sino que hay que mantener la seguridad del lugar. Es un ambiente donde al final todos estamos en \u00e9l, por lo que es grato tener un lugar bonito y que no est\u00e9 quemado\u201d, agreg\u00f3.<\/p>\n\n\n\n<p>La madre de Seguel, Claudia Gonz\u00e1lez, abraz\u00f3 emocionada a su hijo por este logro. Especialmente, porque adem\u00e1s de \u00e9l, sus otros dos reto\u00f1os han sido parte de esta brigada, adem\u00e1s de una sobrina. \u201cPara m\u00ed es un orgullo que mis hijos pertenezcan a esta brigada. Es la brigada m\u00e1s austral del mundo, y para m\u00ed es un orgullo que siendo descendiente del Pueblo Yag\u00e1n, ellos mismos protejan su territorio. Para m\u00ed eso es honroso. Desde que ellos eran ni\u00f1os siempre se les ha inculcado respeto a la naturaleza, y qu\u00e9 mejor que ellos para proteger este territorio\u201d, concluy\u00f3.<\/p>\n","protected":false},"excerpt":{"rendered":"<p>Mediante una emotiva ceremonia, la brigada forestal m\u00e1s austral del mundo, \u201cLenga-12\u201d, conmemor\u00f3 el D\u00eda Nacional de las y los Brigadistas Forestales en Puerto Williams, ocasi\u00f3n en la que estuvieron&#8230; <a class=\"read-more\" href=\"https:\/\/www.radiopresidenteibanez.cl\/web\/con-reconocimiento-a-su-primer-motosierrista-certificado-lenga-12-conmemora-el-dia-nacional-de-las-y-los-brigadistas-forestales-en-puerto-williams\/\">Leer m\u00e1s<\/a><\/p>\n","protected":false},"author":2,"featured_media":54402,"comment_status":"closed","ping_status":"closed","sticky":false,"template":"","format":"standard","meta":{"footnotes":""},"categories":[1],"tags":[],"class_list":["post-54401","post","type-post","status-publish","format-standard","has-post-thumbnail","hentry","category-cronica"],"_links":{"self":[{"href":"https:\/\/www.radiopresidenteibanez.cl\/web\/wp-json\/wp\/v2\/posts\/54401","targetHints":{"allow":["GET"]}}],"collection":[{"href":"https:\/\/www.radiopresidenteibanez.cl\/web\/wp-json\/wp\/v2\/posts"}],"about":[{"href":"https:\/\/www.radiopresidenteibanez.cl\/web\/wp-json\/wp\/v2\/types\/post"}],"author":[{"embeddable":true,"href":"https:\/\/www.radiopresidenteibanez.cl\/web\/wp-json\/wp\/v2\/users\/2"}],"replies":[{"embeddable":true,"href":"https:\/\/www.radiopresidenteibanez.cl\/web\/wp-json\/wp\/v2\/comments?post=54401"}],"version-history":[{"count":0,"href":"https:\/\/www.radiopresidenteibanez.cl\/web\/wp-json\/wp\/v2\/posts\/54401\/revisions"}],"wp:featuredmedia":[{"embeddable":true,"href":"https:\/\/www.radiopresidenteibanez.cl\/web\/wp-json\/wp\/v2\/media\/54402"}],"wp:attachment":[{"href":"https:\/\/www.radiopresidenteibanez.cl\/web\/wp-json\/wp\/v2\/media?parent=54401"}],"wp:term":[{"taxonomy":"category","embeddable":true,"href":"https:\/\/www.radiopresidenteibanez.cl\/web\/wp-json\/wp\/v2\/categories?post=54401"},{"taxonomy":"post_tag","embeddable":true,"href":"https:\/\/www.radiopresidenteibanez.cl\/web\/wp-json\/wp\/v2\/tags?post=54401"}],"curies":[{"name":"wp","href":"https:\/\/api.w.org\/{rel}","templated":true}]}}