{"id":54398,"date":"2025-02-17T09:52:18","date_gmt":"2025-02-17T12:52:18","guid":{"rendered":"https:\/\/www.radiopresidenteibanez.cl\/web\/?p=54398"},"modified":"2025-02-17T09:52:24","modified_gmt":"2025-02-17T12:52:24","slug":"licencia-digital-de-conducir-comienza-exitosamente-su-implementacion-en-la-region-de-magallanes","status":"publish","type":"post","link":"https:\/\/www.radiopresidenteibanez.cl\/web\/licencia-digital-de-conducir-comienza-exitosamente-su-implementacion-en-la-region-de-magallanes\/","title":{"rendered":"LICENCIA DIGITAL DE CONDUCIR COMIENZA EXITOSAMENTE SU IMPLEMENTACI\u00d3N EN LA REGI\u00d3N DE MAGALLANES"},"content":{"rendered":"\n<p>Este viernes comenz\u00f3 la implementaci\u00f3n de la Licencia<br>Digital de Conducir en la regi\u00f3n de Magallanes y de la Ant\u00e1rtica Chilena. El Ministerio de<br>Transportes y Telecomunicaciones (MTT), a trav\u00e9s de la Comisi\u00f3n Nacional de Seguridad de<br>Tr\u00e1nsito (Conaset), lidera el proceso, que ser\u00e1 progresivo a lo largo del pa\u00eds, y finalizar\u00e1 en<br>septiembre con la Regi\u00f3n Metropolitana.<br>La primera licencia digital de la regi\u00f3n fue entregada a Mauricio Galindo Merino, quien se mostr\u00f3<br>gratamente sorprendido por ser uno de los primeros conductores en recibir este nuevo tipo de<br>licencia de conducir.<br>El seremitt Alejandro Goich Barr\u00eda destac\u00f3 que \u201cel cambio no s\u00f3lo busca reducir fraudes y mejorar<br>los procesos de fiscalizaci\u00f3n, sino tambi\u00e9n sentar las bases para un futuro sistema de licencia por<br>puntos, medida comprobada internacionalmente como eficaz para reducir los siniestros viales\u201d.<br>El nuevo sistema comenz\u00f3 su implementaci\u00f3n en las regiones de Ays\u00e9n y Tarapac\u00e1 en enero y<br>desde hoy tambi\u00e9n est\u00e1 activo en Arica y Parinacota y Antofagasta. El nuevo documento introduce<br>avances significativos en seguridad y funcionalidad: cuenta con un formato f\u00edsico mejorado que<br>incluye un c\u00f3digo QR \u00fanico, as\u00ed como una versi\u00f3n digital accesible a trav\u00e9s de una aplicaci\u00f3n m\u00f3vil,<br>vinculada a la Clave \u00danica.<br>El tr\u00e1mite continuar\u00e1 realiz\u00e1ndose en las Direcciones de Tr\u00e1nsito de cada municipio. Quienes<br>vayan a obtenerla por primera vez o les corresponda renovaci\u00f3n del documento, obtendr\u00e1n la<br>licencia f\u00edsica con el nuevo formato y podr\u00e1n acceder a su licencia digital, descargando la<br>aplicaci\u00f3n en dispositivos m\u00f3viles iOS y Android.<br>Cabe destacar que las licencias actuales seguir\u00e1n siendo v\u00e1lidas hasta su fecha de vencimiento y<br>que no hay necesidad de solicitar una actualizaci\u00f3n.<br>Otros datos<br>La licencia digital ha sido implementada en pa\u00edses como India, Corea del Sur, Jap\u00f3n, algunos<br>estados de EE.UU., Argentina, Brasil, Dinamarca y Francia. Pa\u00edses como Espa\u00f1a, Reino Unido y<br>Finlandia, est\u00e1n en proceso de implementaci\u00f3n.<br>Los siniestros causados por conductores sin licencia o con licencias \u201cmal habidas\u201d son<br>responsables, seg\u00fan estudios internacionales, de entre un 8 y 20% del total de muertes por a\u00f1o.<br>Vale decir, 1 de cada 5 siniestros, eventualmente, ha tenido a un conductor que no ha portado su<br>documentaci\u00f3n. Carabineros inform\u00f3 que en Magallanes, de las 4.266 infracciones que curs\u00f3<br>durante 2024, 1.749 correspondi\u00f3 a conductores que manejaban sin licencia.<\/p>\n","protected":false},"excerpt":{"rendered":"<p>Este viernes comenz\u00f3 la implementaci\u00f3n de la LicenciaDigital de Conducir en la regi\u00f3n de Magallanes y de la Ant\u00e1rtica Chilena. El Ministerio deTransportes y Telecomunicaciones (MTT), a trav\u00e9s de la&#8230; <a class=\"read-more\" href=\"https:\/\/www.radiopresidenteibanez.cl\/web\/licencia-digital-de-conducir-comienza-exitosamente-su-implementacion-en-la-region-de-magallanes\/\">Leer m\u00e1s<\/a><\/p>\n","protected":false},"author":2,"featured_media":54399,"comment_status":"closed","ping_status":"closed","sticky":false,"template":"","format":"standard","meta":{"footnotes":""},"categories":[1],"tags":[],"class_list":["post-54398","post","type-post","status-publish","format-standard","has-post-thumbnail","hentry","category-cronica"],"_links":{"self":[{"href":"https:\/\/www.radiopresidenteibanez.cl\/web\/wp-json\/wp\/v2\/posts\/54398","targetHints":{"allow":["GET"]}}],"collection":[{"href":"https:\/\/www.radiopresidenteibanez.cl\/web\/wp-json\/wp\/v2\/posts"}],"about":[{"href":"https:\/\/www.radiopresidenteibanez.cl\/web\/wp-json\/wp\/v2\/types\/post"}],"author":[{"embeddable":true,"href":"https:\/\/www.radiopresidenteibanez.cl\/web\/wp-json\/wp\/v2\/users\/2"}],"replies":[{"embeddable":true,"href":"https:\/\/www.radiopresidenteibanez.cl\/web\/wp-json\/wp\/v2\/comments?post=54398"}],"version-history":[{"count":0,"href":"https:\/\/www.radiopresidenteibanez.cl\/web\/wp-json\/wp\/v2\/posts\/54398\/revisions"}],"wp:featuredmedia":[{"embeddable":true,"href":"https:\/\/www.radiopresidenteibanez.cl\/web\/wp-json\/wp\/v2\/media\/54399"}],"wp:attachment":[{"href":"https:\/\/www.radiopresidenteibanez.cl\/web\/wp-json\/wp\/v2\/media?parent=54398"}],"wp:term":[{"taxonomy":"category","embeddable":true,"href":"https:\/\/www.radiopresidenteibanez.cl\/web\/wp-json\/wp\/v2\/categories?post=54398"},{"taxonomy":"post_tag","embeddable":true,"href":"https:\/\/www.radiopresidenteibanez.cl\/web\/wp-json\/wp\/v2\/tags?post=54398"}],"curies":[{"name":"wp","href":"https:\/\/api.w.org\/{rel}","templated":true}]}}