{"id":54395,"date":"2025-02-17T08:17:00","date_gmt":"2025-02-17T11:17:00","guid":{"rendered":"https:\/\/www.radiopresidenteibanez.cl\/web\/?p=54395"},"modified":"2025-02-17T09:48:23","modified_gmt":"2025-02-17T12:48:23","slug":"informativo-matinal-orbe-14","status":"publish","type":"post","link":"https:\/\/www.radiopresidenteibanez.cl\/web\/informativo-matinal-orbe-14\/","title":{"rendered":"Informativo Matinal ORBE"},"content":{"rendered":"\n<p>SANTIAGO.- La candidata de la UDI y RN para las pr\u00f3ximas<br>elecciones presidenciales, Evelyn Matthei, abord\u00f3 la jla<br>noche del domingo la situaci\u00f3n financiera del pa\u00eds, se\u00f1alando<br>en un video compartido por redes sociales estar \u00abpreocupada\u00bb<br>por el \u00abmalgasto de dinero fiscal\u00bb.<br>En el video, indic\u00f3 que tras haber estado de vacaciones,<br>comenz\u00f3 a estudiar la Ley de Presupuestos, algo importante<br>se\u00f1ala, \u00abporque vamos a tener que cortar muchos gastos\u00bb.<\/p>\n\n\n\n<p>SANTIAGO.- Matthei apunt\u00f3 que, \u00abChile se est\u00e1 endeudando cada<br>vez m\u00e1s. Y toda due\u00f1a de casa sabe que cuando uno se endeuda<br>mucho, finalmente la soga lo empieza a apretar\u00bb, se\u00f1al\u00f3.<br>\u00abEste gobierno, este a\u00f1o 2025, tiene que cortar al menos 3<br>mil 000 millones de d\u00f3lares. Y despu\u00e9s nosotros vamos a<br>cortar 6 mil millones de d\u00f3lares adicionales\u00bb, a\u00f1adi\u00f3.<\/p>\n\n\n\n<p>SANTIAGO.- Y luego la exedil de Providenci, agreg\u00f3 que, \u00abPara<br>que Chile efectivamente pueda sanear, para que pueda volver a<br>crecer, para que vuelva a ser el pa\u00eds del cual todos nos<br>sentimos siempre orgullosos. Hay much\u00edsimo que hacer. \u00bfSe<br>puede hacer esto? S\u00ed, nosotros lo hicimos en Providencia\u00bb. Si<br>bien fue con menos dinero, s\u00ed fue en proporciones similares,<br>y lo logr\u00f3, explic\u00f3, ya que comenz\u00f3 a cortar \u00abtodos los<br>gastos que no eran absolutamente necesarios\u00bb.<\/p>\n\n\n\n<p>SANTIAGO.- Por tercer a\u00f1o consecutivo, 2024 termin\u00f3 con un<br>incremento en la morosidad mayor a 90 d\u00edas en los cr\u00e9ditos<br>totales que entregaron los bancos del pa\u00eds a las personas y<br>las empresas. Es que termin\u00f3 en diciembre del a\u00f1o pasado en<br>2,35 por ciento, su mayor nivel para un mes de diciembre<br>desde el cierre de 2011. Esto se compara con el 2,15 por<br>ciento en que estuvo al t\u00e9rmino de 2023, es decir, un aumento<br>de 20 puntos base en doce meses.<\/p>\n\n\n\n<p>SANTIAGO.-Al desagregar esa cifra, se obtiene que es en los<br>cr\u00e9ditos para la vivienda donde se registr\u00f3 el mayor aumento<br>en la morosidad mayor a 90 d\u00edas, pues anot\u00f3 un alza de 60<br>puntos base, finalizando el a\u00f1o 2024 en 2,34 por ciento de<br>las colocaciones totales de esa cartera.<br>Esto, en su mayor valor desde mayo de 2020, un nivel similar<br>a los prepandemia.<\/p>\n\n\n\n<p>SANTIAGO.- Lo apuntado, significa que los hist\u00f3ricamente<br>bajos niveles de morosidad que se observaron en la cartera<br>hipotecaria desde que inici\u00f3 la pandemia, ya quedaron atr\u00e1s.<br>El m\u00ednimo ocurri\u00f3 en marzo de 2022, cuando estuvo en 1,07 por<br>ciento. Pero desde entonces ha venido subiendo de manera<br>gradual, hasta recuperar reci\u00e9n en diciembre pasado los<br>niveles prepandemia.<\/p>\n\n\n\n<p>SANTIAGO.- La segunda fase de la Copa Libertadores 2025<br>empieza esta semana y tendr\u00e1 presencia de equipos nacionales<br>y jugadores chilenos que act\u00faan en el extranjero. Boca<br>Juniors de Carlos Palacios y Williams Alarc\u00f3n visitan a<br>Alianza Lima en Per\u00fa por esta fase. Por su parte Deportes<br>Iquique recibe a Independiente de Santa Fe en, Colombia, el<br>Tierra de Campeones y \u00d1ublense visita a Boston River de<br>Uruguay.<\/p>\n","protected":false},"excerpt":{"rendered":"<p>SANTIAGO.- La candidata de la UDI y RN para las pr\u00f3ximaselecciones presidenciales, Evelyn Matthei, abord\u00f3 la jlanoche del domingo la situaci\u00f3n financiera del pa\u00eds, se\u00f1alandoen un video compartido por redes&#8230; <a class=\"read-more\" href=\"https:\/\/www.radiopresidenteibanez.cl\/web\/informativo-matinal-orbe-14\/\">Leer m\u00e1s<\/a><\/p>\n","protected":false},"author":2,"featured_media":54396,"comment_status":"closed","ping_status":"closed","sticky":false,"template":"","format":"standard","meta":{"footnotes":""},"categories":[1],"tags":[],"class_list":["post-54395","post","type-post","status-publish","format-standard","has-post-thumbnail","hentry","category-cronica"],"_links":{"self":[{"href":"https:\/\/www.radiopresidenteibanez.cl\/web\/wp-json\/wp\/v2\/posts\/54395","targetHints":{"allow":["GET"]}}],"collection":[{"href":"https:\/\/www.radiopresidenteibanez.cl\/web\/wp-json\/wp\/v2\/posts"}],"about":[{"href":"https:\/\/www.radiopresidenteibanez.cl\/web\/wp-json\/wp\/v2\/types\/post"}],"author":[{"embeddable":true,"href":"https:\/\/www.radiopresidenteibanez.cl\/web\/wp-json\/wp\/v2\/users\/2"}],"replies":[{"embeddable":true,"href":"https:\/\/www.radiopresidenteibanez.cl\/web\/wp-json\/wp\/v2\/comments?post=54395"}],"version-history":[{"count":0,"href":"https:\/\/www.radiopresidenteibanez.cl\/web\/wp-json\/wp\/v2\/posts\/54395\/revisions"}],"wp:featuredmedia":[{"embeddable":true,"href":"https:\/\/www.radiopresidenteibanez.cl\/web\/wp-json\/wp\/v2\/media\/54396"}],"wp:attachment":[{"href":"https:\/\/www.radiopresidenteibanez.cl\/web\/wp-json\/wp\/v2\/media?parent=54395"}],"wp:term":[{"taxonomy":"category","embeddable":true,"href":"https:\/\/www.radiopresidenteibanez.cl\/web\/wp-json\/wp\/v2\/categories?post=54395"},{"taxonomy":"post_tag","embeddable":true,"href":"https:\/\/www.radiopresidenteibanez.cl\/web\/wp-json\/wp\/v2\/tags?post=54395"}],"curies":[{"name":"wp","href":"https:\/\/api.w.org\/{rel}","templated":true}]}}