{"id":54360,"date":"2025-02-14T12:49:00","date_gmt":"2025-02-14T15:49:00","guid":{"rendered":"https:\/\/www.radiopresidenteibanez.cl\/web\/?p=54360"},"modified":"2025-02-14T10:28:28","modified_gmt":"2025-02-14T13:28:28","slug":"yo-se-que-en-cualquier-descuido-me-iba-a-bolear-contra-el-suelo-canta-alfredo-zitarroza","status":"publish","type":"post","link":"https:\/\/www.radiopresidenteibanez.cl\/web\/yo-se-que-en-cualquier-descuido-me-iba-a-bolear-contra-el-suelo-canta-alfredo-zitarroza\/","title":{"rendered":"Yo se que en cualquier descuido me iba a bolear contra el suelo..\u00bb canta Alfredo Zitarroza"},"content":{"rendered":"\n<p>Consultan dirigentes y trabajdores, que pasa con las cuotas sindicales cuando hay una licencia de larga duraci\u00f3n.<br>La Direcci\u00f3n del Trabajo ha se\u00f1alado en dictamen 5589\/131 de 08.08.90, \u00abque si el empleador no pag\u00f3 remuneraciones por haber estado el dependiente acogido durante todo el mes a licencia m\u00e9dica, lo que le permiti\u00f3 devengar subsidio pagado por la instituci\u00f3n previsional correspondiente, no procede de parte del empleador descuento, por lo que en tal caso ser\u00e1 el propio trabajador quien directamente pague la cuota sindical a la organizaci\u00f3n a la cual pertenece, hasta que comience a percibir su remuneraci\u00f3n o parte de la misma, momento en que el empleador nuevamente debe proceder a efectuar los mencionados descuentos\u00bb.<\/p>\n\n\n\n<p>2.-Finalmente, cabe se\u00f1alar que si durante la licencia m\u00e9dica el empleador debiera pagar alg\u00fan bono, aguinaldo o cualquier otro pago de car\u00e1cter ocasional o espor\u00e1dico, entonces deber\u00e1 descontar de tal pago convencional la cuota sindical correspondiente.<br>Ahora, lo que.nosotros siempre debemos tener claro que cuando hablamos de solidaridad debemos es para lo externo y tambi\u00e9n lo.interno.<br>Si apoyamos a trabajadores en conflicto y nos solidarizamos con las huelgas, con mayor raz\u00f3n debi\u00e9ramos dejar de descontar la cuota hasta que el socio se pueda reintegrar a sus labores.<\/p>\n","protected":false},"excerpt":{"rendered":"<p>Consultan dirigentes y trabajdores, que pasa con las cuotas sindicales cuando hay una licencia de larga duraci\u00f3n.La Direcci\u00f3n del Trabajo ha se\u00f1alado en dictamen 5589\/131 de 08.08.90, \u00abque si el&#8230; <a class=\"read-more\" href=\"https:\/\/www.radiopresidenteibanez.cl\/web\/yo-se-que-en-cualquier-descuido-me-iba-a-bolear-contra-el-suelo-canta-alfredo-zitarroza\/\">Leer m\u00e1s<\/a><\/p>\n","protected":false},"author":2,"featured_media":54361,"comment_status":"closed","ping_status":"closed","sticky":false,"template":"","format":"standard","meta":{"footnotes":""},"categories":[1],"tags":[],"class_list":["post-54360","post","type-post","status-publish","format-standard","has-post-thumbnail","hentry","category-cronica"],"_links":{"self":[{"href":"https:\/\/www.radiopresidenteibanez.cl\/web\/wp-json\/wp\/v2\/posts\/54360","targetHints":{"allow":["GET"]}}],"collection":[{"href":"https:\/\/www.radiopresidenteibanez.cl\/web\/wp-json\/wp\/v2\/posts"}],"about":[{"href":"https:\/\/www.radiopresidenteibanez.cl\/web\/wp-json\/wp\/v2\/types\/post"}],"author":[{"embeddable":true,"href":"https:\/\/www.radiopresidenteibanez.cl\/web\/wp-json\/wp\/v2\/users\/2"}],"replies":[{"embeddable":true,"href":"https:\/\/www.radiopresidenteibanez.cl\/web\/wp-json\/wp\/v2\/comments?post=54360"}],"version-history":[{"count":0,"href":"https:\/\/www.radiopresidenteibanez.cl\/web\/wp-json\/wp\/v2\/posts\/54360\/revisions"}],"wp:featuredmedia":[{"embeddable":true,"href":"https:\/\/www.radiopresidenteibanez.cl\/web\/wp-json\/wp\/v2\/media\/54361"}],"wp:attachment":[{"href":"https:\/\/www.radiopresidenteibanez.cl\/web\/wp-json\/wp\/v2\/media?parent=54360"}],"wp:term":[{"taxonomy":"category","embeddable":true,"href":"https:\/\/www.radiopresidenteibanez.cl\/web\/wp-json\/wp\/v2\/categories?post=54360"},{"taxonomy":"post_tag","embeddable":true,"href":"https:\/\/www.radiopresidenteibanez.cl\/web\/wp-json\/wp\/v2\/tags?post=54360"}],"curies":[{"name":"wp","href":"https:\/\/api.w.org\/{rel}","templated":true}]}}