{"id":54343,"date":"2025-02-13T17:23:00","date_gmt":"2025-02-13T20:23:00","guid":{"rendered":"https:\/\/www.radiopresidenteibanez.cl\/web\/?p=54343"},"modified":"2025-02-13T10:25:14","modified_gmt":"2025-02-13T13:25:14","slug":"reserva-nacional-magallanes-celebra-93-anos-con-actividades-de-educacion-ambiental","status":"publish","type":"post","link":"https:\/\/www.radiopresidenteibanez.cl\/web\/reserva-nacional-magallanes-celebra-93-anos-con-actividades-de-educacion-ambiental\/","title":{"rendered":"Reserva Nacional Magallanes celebra 93 a\u00f1os con actividades de educaci\u00f3n ambiental"},"content":{"rendered":"\n<p>Esta semana y la pr\u00f3xima, la Reserva Nacional Magallanes, \u00e1rea silvestre protegida ubicada a s\u00f3lo 5 km de Punta Arenas y administrada por la Corporaci\u00f3n Nacional Forestal (CONAF) en Magallanes, celebra sus 93 a\u00f1os de existencia con un programa de actividades de educaci\u00f3n ambiental.<\/p>\n\n\n\n<p>Por tal motivo, la unidad ha elaborado un programa de actividades con la comunidad que contempla diferentes posibilidades para conocer el entorno natural y patrimonial que existe en su interior.<\/p>\n\n\n\n<p>Las actividades se iniciaron este mi\u00e9rcoles 12 con una exploraci\u00f3n de ni\u00f1os del reino animal, vegetal y fungi&nbsp; en el sector Bocatoma; este jueves 13 a las 10 hrs. contin\u00faa con una visita guiada&nbsp; a la historia minera y de explotaci\u00f3n del carb\u00f3n donde se llegar\u00e1 hasta el sector de la mina coloquialmente conocida como \u00abChama\u00bb donde&nbsp; adem\u00e1s se encuentran restos de viviendas que fueron habitadas por los antiguos pirquineros; en la tarde, a las 15:00 hrs., se efectuar\u00e1 un Geotour al sector \u00abLos Picachos\u00bb para conocer la geolog\u00eda de la Reserva y descubrir&nbsp; sus f\u00f3siles, procesos y formaci\u00f3n de las rocas; el viernes 14 a las 14 hrs. se realizar\u00e1 un Ba\u00f1o de Naturaleza para ni\u00f1os, la cual consiste en la pr\u00e1ctica de una metodolog\u00eda asi\u00e1tica que busca una conexi\u00f3n con la naturaleza del entorno.<\/p>\n\n\n\n<p>El pr\u00f3ximo martes&nbsp; 18 y mi\u00e9rcoles 19 a las 11:00 hrs. las actividades contin\u00faan con una jornada de Ba\u00f1os de Naturaleza para adultos; y el domingo 23 de febrero a las 11:00 hrs. concluyen las actividades aniversario con una nueva visita guiada al sector \u00abLos Picachos\u00bb.<\/p>\n\n\n\n<p>&nbsp;La Reserva Nacional Magallanes fue creada el 13 de febrero de 1932 y es una de las m\u00e1s antiguas \u00e1reas silvestres protegidas de Chile.&nbsp;Para el director regional de CONAF, Mauricio Ruiz,&nbsp;\u00abla cercan\u00eda de la Reserva con la ciudad permite que la comunidad cuente con un espacio recreativo para disfrutar de la naturaleza y la historia de la ciudad, as\u00ed como de la regi\u00f3n\u00bb; mientras que la seremi de agricultura,Irene Ram\u00edrez, destac\u00f3 que \u00abla Reserva Magallanes&nbsp;es el centro neur\u00e1lgico hist\u00f3rico de la ciudad de Punta Arenas y donde se protegen y resguardan recursos tan importantes como el agua y el bosque nativo, por lo que nuestra misi\u00f3n es velar porque esto se mantenga en el tiempo<\/p>\n","protected":false},"excerpt":{"rendered":"<p>Esta semana y la pr\u00f3xima, la Reserva Nacional Magallanes, \u00e1rea silvestre protegida ubicada a s\u00f3lo 5 km de Punta Arenas y administrada por la Corporaci\u00f3n Nacional Forestal (CONAF) en Magallanes,&#8230; <a class=\"read-more\" href=\"https:\/\/www.radiopresidenteibanez.cl\/web\/reserva-nacional-magallanes-celebra-93-anos-con-actividades-de-educacion-ambiental\/\">Leer m\u00e1s<\/a><\/p>\n","protected":false},"author":2,"featured_media":54344,"comment_status":"closed","ping_status":"closed","sticky":false,"template":"","format":"standard","meta":{"footnotes":""},"categories":[1],"tags":[],"class_list":["post-54343","post","type-post","status-publish","format-standard","has-post-thumbnail","hentry","category-cronica"],"_links":{"self":[{"href":"https:\/\/www.radiopresidenteibanez.cl\/web\/wp-json\/wp\/v2\/posts\/54343","targetHints":{"allow":["GET"]}}],"collection":[{"href":"https:\/\/www.radiopresidenteibanez.cl\/web\/wp-json\/wp\/v2\/posts"}],"about":[{"href":"https:\/\/www.radiopresidenteibanez.cl\/web\/wp-json\/wp\/v2\/types\/post"}],"author":[{"embeddable":true,"href":"https:\/\/www.radiopresidenteibanez.cl\/web\/wp-json\/wp\/v2\/users\/2"}],"replies":[{"embeddable":true,"href":"https:\/\/www.radiopresidenteibanez.cl\/web\/wp-json\/wp\/v2\/comments?post=54343"}],"version-history":[{"count":0,"href":"https:\/\/www.radiopresidenteibanez.cl\/web\/wp-json\/wp\/v2\/posts\/54343\/revisions"}],"wp:featuredmedia":[{"embeddable":true,"href":"https:\/\/www.radiopresidenteibanez.cl\/web\/wp-json\/wp\/v2\/media\/54344"}],"wp:attachment":[{"href":"https:\/\/www.radiopresidenteibanez.cl\/web\/wp-json\/wp\/v2\/media?parent=54343"}],"wp:term":[{"taxonomy":"category","embeddable":true,"href":"https:\/\/www.radiopresidenteibanez.cl\/web\/wp-json\/wp\/v2\/categories?post=54343"},{"taxonomy":"post_tag","embeddable":true,"href":"https:\/\/www.radiopresidenteibanez.cl\/web\/wp-json\/wp\/v2\/tags?post=54343"}],"curies":[{"name":"wp","href":"https:\/\/api.w.org\/{rel}","templated":true}]}}