{"id":54311,"date":"2025-02-12T16:02:00","date_gmt":"2025-02-12T19:02:00","guid":{"rendered":"https:\/\/www.radiopresidenteibanez.cl\/web\/?p=54311"},"modified":"2025-02-12T10:07:04","modified_gmt":"2025-02-12T13:07:04","slug":"cancilleria-celebra-el-dia-internacional-de-la-mujer-y-la-nina-en-la-ciencia-con-un-conversatorio-sobre-stem-y-antartica","status":"publish","type":"post","link":"https:\/\/www.radiopresidenteibanez.cl\/web\/cancilleria-celebra-el-dia-internacional-de-la-mujer-y-la-nina-en-la-ciencia-con-un-conversatorio-sobre-stem-y-antartica\/","title":{"rendered":"Canciller\u00eda celebra el D\u00eda Internacional de la Mujer y la Ni\u00f1a en la Ciencia con un conversatorio sobre STEM y Ant\u00e1rtica"},"content":{"rendered":"\n<p>Estimados colegas, buenas tardes. Adjunto informaci\u00f3n sobre:<\/p>\n\n\n\n<p>_______________________________________________________________<\/p>\n\n\n\n<p><strong>Canciller\u00eda celebra el D\u00eda Internacional de la Mujer y la Ni\u00f1a en la Ciencia con un conversatorio sobre STEM y Ant\u00e1rtica<\/strong><\/p>\n\n\n\n<p><em>En la oportunidad se present\u00f3 la edici\u00f3n morada del Pasaporte Ant\u00e1rtico, del INACH, que contiene el c\u00f3digo de conducta para las expediciones cient\u00edficas con un \u00e9nfasis en los espacios de trabajo libres de acoso y violencia.<\/em><\/p>\n\n\n\n<p><strong><em>Santiago de Chile, 11 de febrero de 2025.-<\/em><\/strong>&nbsp;En una ceremonia efectuada en el Sal\u00f3n O\u2019Higgins del Ministerio de Relaciones Exteriores, la Canciller\u00eda celebr\u00f3 el D\u00eda de la Mujer y la Ni\u00f1a en la Ciencia con el conversatorio \u201cMujer y Ciencia: su trayectoria en STEM y la exploraci\u00f3n ant\u00e1rtica\u201d.&nbsp;<\/p>\n\n\n\n<p>La actividad estuvo encabezada por ministra (s) de Relaciones Exteriores, Gloria de la Fuente, acompa\u00f1ada de la ministra del Medio Ambiente, Maisa Rojas; la ministra (s) de la Mujer y Equidad de G\u00e9nero, Luz Vidal, y el ministro (s) de Ciencia, Tecnolog\u00eda, Conocimiento e Innovaci\u00f3n, Cristi\u00e1n Cuevas.<\/p>\n\n\n\n<p>En la ocasi\u00f3n, la ministra (s) Gloria de la Fuente present\u00f3 la edici\u00f3n morada del Pasaporte Ant\u00e1rtico realizado por el Instituto Ant\u00e1rtico Chileno (INACH). Este folleto contiene el c\u00f3digo de conducta para las expediciones cient\u00edficas ant\u00e1rticas, procurando espacios de trabajo libres de acoso y violencia. Asimismo, incluye una gu\u00eda de seguridad b\u00e1sica en ambientes extremos y los lineamientos para conocer y proteger el medioambiente ant\u00e1rtico.<\/p>\n\n\n\n<p>En sus palabras, la ministra (s) destac\u00f3 el compromiso de Chile \u201cmediante la adopci\u00f3n de una Pol\u00edtica Exterior Feminista, integrando el enfoque de g\u00e9nero en todas las \u00e1reas de la acci\u00f3n internacional, incluidas la ciencia, la tecnolog\u00eda y la innovaci\u00f3n como uno de nuestros ejes de acci\u00f3n. Esta agenda nos ayuda a priorizar la incorporaci\u00f3n de la perspectiva de g\u00e9nero en debates y acuerdos globales y es parte importante de nuestra tarea en materia de pol\u00edtica exterior.\u201d&nbsp;<\/p>\n\n\n\n<p>Asimismo, la canciller (s) reforz\u00f3 que en el Ministerio de Relaciones Exteriores les interesa mucho la ciencia ant\u00e1rtica, puesto que es un instrumento de nuestra pol\u00edtica exterior y parte esencial de la diplomacia chilena. \u201cTenemos un despliegue de excelencia en los diversos mecanismos del Sistema del Tratado Ant\u00e1rtico, y a nivel bilateral, se constituye en un instrumento de \u2018soft power\u2019 en nuestra relaci\u00f3n con otros pa\u00edses.\u201d<\/p>\n\n\n\n<p>Posteriormente se realiz\u00f3 la mesa redonda \u201cMujer y la Ciencia Ant\u00e1rtica\u201d, que fue moderada por Andrea Pe\u00f1a, encargada de la Mesa de G\u00e9nero del INACH, donde intervinieron las cient\u00edficas Daniela Carri\u00f3n y Daly Noll junto con la directora de diversidad y g\u00e9nero de la Facultad de Ciencias F\u00edsicas y Matem\u00e1tica de la Universidad de Chile, Mar\u00eda Elena Lienqueo y la decana de la Facultad de Ciencias de la Universidad Austral de Chile, Leyla C\u00e1rdenas.<\/p>\n\n\n\n<p>El 22 de diciembre del 2015 fue instaurado oficialmente por la UNESCO y ONU-Mujeres el D\u00eda Internacional de la Mujer y la Ni\u00f1a en la Ciencia, el cual tiene como objetivo principal el promover el aporte de las mujeres y las ni\u00f1as, as\u00ed como reconocer el rol cr\u00edtico en la ciencia y la tecnolog\u00eda.<\/p>\n","protected":false},"excerpt":{"rendered":"<p>Estimados colegas, buenas tardes. Adjunto informaci\u00f3n sobre: _______________________________________________________________ Canciller\u00eda celebra el D\u00eda Internacional de la Mujer y la Ni\u00f1a en la Ciencia con un conversatorio sobre STEM y Ant\u00e1rtica En&#8230; <a class=\"read-more\" href=\"https:\/\/www.radiopresidenteibanez.cl\/web\/cancilleria-celebra-el-dia-internacional-de-la-mujer-y-la-nina-en-la-ciencia-con-un-conversatorio-sobre-stem-y-antartica\/\">Leer m\u00e1s<\/a><\/p>\n","protected":false},"author":2,"featured_media":54312,"comment_status":"closed","ping_status":"closed","sticky":false,"template":"","format":"standard","meta":{"footnotes":""},"categories":[1],"tags":[],"class_list":["post-54311","post","type-post","status-publish","format-standard","has-post-thumbnail","hentry","category-cronica"],"_links":{"self":[{"href":"https:\/\/www.radiopresidenteibanez.cl\/web\/wp-json\/wp\/v2\/posts\/54311","targetHints":{"allow":["GET"]}}],"collection":[{"href":"https:\/\/www.radiopresidenteibanez.cl\/web\/wp-json\/wp\/v2\/posts"}],"about":[{"href":"https:\/\/www.radiopresidenteibanez.cl\/web\/wp-json\/wp\/v2\/types\/post"}],"author":[{"embeddable":true,"href":"https:\/\/www.radiopresidenteibanez.cl\/web\/wp-json\/wp\/v2\/users\/2"}],"replies":[{"embeddable":true,"href":"https:\/\/www.radiopresidenteibanez.cl\/web\/wp-json\/wp\/v2\/comments?post=54311"}],"version-history":[{"count":0,"href":"https:\/\/www.radiopresidenteibanez.cl\/web\/wp-json\/wp\/v2\/posts\/54311\/revisions"}],"wp:featuredmedia":[{"embeddable":true,"href":"https:\/\/www.radiopresidenteibanez.cl\/web\/wp-json\/wp\/v2\/media\/54312"}],"wp:attachment":[{"href":"https:\/\/www.radiopresidenteibanez.cl\/web\/wp-json\/wp\/v2\/media?parent=54311"}],"wp:term":[{"taxonomy":"category","embeddable":true,"href":"https:\/\/www.radiopresidenteibanez.cl\/web\/wp-json\/wp\/v2\/categories?post=54311"},{"taxonomy":"post_tag","embeddable":true,"href":"https:\/\/www.radiopresidenteibanez.cl\/web\/wp-json\/wp\/v2\/tags?post=54311"}],"curies":[{"name":"wp","href":"https:\/\/api.w.org\/{rel}","templated":true}]}}