{"id":54308,"date":"2025-02-12T14:57:00","date_gmt":"2025-02-12T17:57:00","guid":{"rendered":"https:\/\/www.radiopresidenteibanez.cl\/web\/?p=54308"},"modified":"2025-02-12T10:00:50","modified_gmt":"2025-02-12T13:00:50","slug":"destacado-bailarin-que-crecio-en-isla-navarino-ofrece-seminario-de-danza-a-comunidad-de-puerto-williams","status":"publish","type":"post","link":"https:\/\/www.radiopresidenteibanez.cl\/web\/destacado-bailarin-que-crecio-en-isla-navarino-ofrece-seminario-de-danza-a-comunidad-de-puerto-williams\/","title":{"rendered":"Destacado bailar\u00edn que creci\u00f3 en Isla Navarino ofrece seminario de danza a comunidad de Puerto Williams"},"content":{"rendered":"\n<p><strong>Destacado bailar\u00edn que creci\u00f3 en Isla Navarino ofrece seminario de danza a comunidad de Puerto Williams<\/strong><\/p>\n\n\n\n<p><em>&#8211; Jos\u00e9 Manuel Jamett, quien vivi\u00f3 gran parte de su infancia en Puerto Toro y actualmente reside en Chill\u00e1n, imparti\u00f3 un taller gratuito que abord\u00f3 diferentes aspectos de este arte, gracias al apoyo log\u00edstico ofrecido por la Delegaci\u00f3n Ant\u00e1rtica Chilena y el Comit\u00e9 Cultural de Puerto Williams.<\/em><\/p>\n\n\n\n<p>Tras 33 a\u00f1os, Jos\u00e9 Manuel Jamett retorn\u00f3 a Isla Navarino, un lugar donde vivi\u00f3 los primeros 11 a\u00f1os de su vida. De ellos, los 10 primeros fueron en Puerto Toro, al ser hijo de un carabinero que ejerci\u00f3 como jefe del ret\u00e9n del poblado m\u00e1s austral del mundo, y uno en Puerto Williams. Hoy, ya convertido en un destacado bailar\u00edn, core\u00f3grafo y gestor cultural en Chill\u00e1n, retorn\u00f3 al territorio austral para impartir un seminario gratuito de danza a la comunidad.<\/p>\n\n\n\n<p>De esta manera, nueve vecinas y vecinos de la capital provincial se interiorizaron sobre distintos aspectos de este arte, gracias al taller denominado \u201cDe \u00d1uble a la Patagonia: de regreso a mis ra\u00edces con la danza en el coraz\u00f3n\u201d, dictado por Jamett en la sede del Club Deportivo, Social y Cultural \u201cBeagle\u201d, gracias al apoyo log\u00edstico de la Delegaci\u00f3n Presidencial Provincial de la Ant\u00e1rtica Chilena y el Comit\u00e9 Cultural de Puerto Williams.<\/p>\n\n\n\n<p>Jamett, con vasta trayectoria de danza en Argentina y Chile, adem\u00e1s de ser fundador de la escuela de baile Espacio Arauco en Chill\u00e1n, destac\u00f3 el activo rendimiento de los participantes, entre quienes estuvieron presentes profesores y monitores de danza locales. En poco m\u00e1s de cinco horas, el maestro imparti\u00f3 ense\u00f1anzas en torno al movimiento del cuerpo, la musicalizaci\u00f3n y la m\u00e9trica en variadas danzas de espect\u00e1culo, bailes de sal\u00f3n (ballroom dance) y el folclor latinoamericano, como el chachach\u00e1, cueca, tango y milonga. Justamente, Jamett tuvo oportunidad de exponer con pulcritud los dos \u00faltimos bailes nombrados junto a Marisa Pugliese, vecina de Puerto Williams proveniente de Argentina, quien es hija de dos eminencias del tango a nivel mundial: Mingo y Esther Pugliese, quienes adem\u00e1s criaron como una hija m\u00e1s a otra estandarte internacional de este baile, Gachi Fern\u00e1ndez, maestra de tango del propio Jamett.<\/p>\n\n\n\n<p>\u201cEstoy con el coraz\u00f3n hinchado de felicidad. Espero volver a venir. Espero volver a tener esta conexi\u00f3n. \u00c9ste es el primer paso para poder crear conexiones entre \u00d1uble y la Patagonia. La cultura es la identidad de una comunidad, y eso hay que destacarlo. Hay que rescatar el patrimonio, las ra\u00edces. Hay mucho por entregar. Yo s\u00e9 que las autoridades pueden hacerlo. Yo s\u00e9 que existen los medios para poder gestionar y trabajar con la ciudad. El arte engrandece al ser humano\u201d, coment\u00f3 Jamett.<\/p>\n\n\n\n<p>Por su parte, la delegada presidencial provincial de la Ant\u00e1rtica Chilena, Constanza Calisto Gallardo, quien tambi\u00e9n fue part\u00edcipe del seminario, agradeci\u00f3 al bailar\u00edn por concretar esta actividad en un territorio que lo vio crecer. \u201cEs muy noble lo que \u00e9l hizo, de querer volver a las ra\u00edces en donde estuvo, y presentarse frente a nuestros vecinos y vecinas. Estamos muy agradecidos por esta iniciativa y tambi\u00e9n por habernos contactado para hacer una actividad tan bonita (\u2026). Descentralizar el arte y la cultura es parte de los objetivos de nuestro Gobierno. Nosotros ya tomamos muchas de las ideas que pudimos conversar con Jos\u00e9 Manuel y esperamos poder concretarlas a trav\u00e9s de distintos fondos\u201d, sostuvo.<\/p>\n\n\n\n<p>En tanto, Patricia Fern\u00e1ndez, vecina de Puerto Williams que por m\u00e1s de 30 a\u00f1os imparti\u00f3 sus conocimientos danc\u00edsticos a estudiantes del Liceo Donald Mc Intyre Griffiths, calific\u00f3 positivamente esta instancia, anhelando que se vuelva repetir. \u201cLo que m\u00e1s me gust\u00f3 y me llam\u00f3 la atenci\u00f3n, fue la cantidad de bailes que pudimos observar y aprender algunas t\u00e9cnicas importantes. He estado con muchos profesores a nivel nacional e internacional, y encuentro que es un excelente profesor, que ense\u00f1a muy l\u00fadicamente. Es muy entretenido\u201d, recalc\u00f3.<\/p>\n\n\n\n<p><strong>Un emotivo reencuentro<br><\/strong><br>Mientras Jamett ense\u00f1aba danza a los vecinos de Puerto Williams, dos antiguos amigos suyos irrumpieron en la sede del Club \u201cBeagle\u201d: Jos\u00e9 Catrin y Juanita Vargas. Con ellos convivi\u00f3 estrechamente durante una d\u00e9cada en Puerto Toro. Con un fraternal abrazo, sellaron el emotivo reencuentro.<\/p>\n\n\n\n<p>\u201cFue realmente emocionante\u201d, record\u00f3 Jamett. \u201cConversaba con todo el p\u00fablico presente en este seminario, y les dec\u00eda que mi infancia marc\u00f3 mi vida como un ciudadano de Puerto Williams, m\u00e1s bien de Puerto Toro, porque viv\u00ed casi toda mi infancia en un lugar donde \u00e9ramos tres alumnos en la escuela de Puerto Toro, donde nuestros juegos y nuestras infancias eran s\u00faper sanas. Son parte de mi historia. Esas dos personas que viven (Jos\u00e9 y Juanita), son parte de mi historia. Imag\u00ednate, despu\u00e9s de 33 a\u00f1os volver a encontrarte con ellos, ver a Juanita, la abrac\u00e9, lloramos. Ver a Jos\u00e9, que era mi amigo tambi\u00e9n. Jugamos en la isla. Es impresionante. No puedo describir la emoci\u00f3n que se siente poder reencontrarse con tus ra\u00edces\u201d, coment\u00f3.<\/p>\n\n\n\n<p>\u201cPor eso es que este seminario se llam\u00f3 \u201cDe \u00d1uble a la Patagonia: de regreso a mis ra\u00edces con la danza en el coraz\u00f3n\u201d, porque reconozco de d\u00f3nde soy. Soy de ac\u00e1, del fin del mundo y en este lugar viv\u00ed, en este lugar crec\u00ed. Y gracias a Carabineros de Chile, porque mi padre fue carabinero, pudimos tener una familia maravillosa, una familia unida hasta el d\u00eda de hoy, y agradecido de esa instituci\u00f3n tambi\u00e9n porque nos abrieron todas las posibilidades para poder vivir en este lugar tan lejos del mundo. La gente no se imagina lo bello que es este lugar. Y ya me quedan todav\u00eda muchas emociones, porque me falta llegar a Puerto Toro. \u00c9se es el \u00faltimo destino de este viaje, y lo voy a hacer junto a Juanita (Vargas) y a Jos\u00e9 (Catrin)\u201d, concluy\u00f3.<\/p>\n","protected":false},"excerpt":{"rendered":"<p>Destacado bailar\u00edn que creci\u00f3 en Isla Navarino ofrece seminario de danza a comunidad de Puerto Williams &#8211; Jos\u00e9 Manuel Jamett, quien vivi\u00f3 gran parte de su infancia en Puerto Toro&#8230; <a class=\"read-more\" href=\"https:\/\/www.radiopresidenteibanez.cl\/web\/destacado-bailarin-que-crecio-en-isla-navarino-ofrece-seminario-de-danza-a-comunidad-de-puerto-williams\/\">Leer m\u00e1s<\/a><\/p>\n","protected":false},"author":2,"featured_media":54309,"comment_status":"closed","ping_status":"closed","sticky":false,"template":"","format":"standard","meta":{"footnotes":""},"categories":[1],"tags":[],"class_list":["post-54308","post","type-post","status-publish","format-standard","has-post-thumbnail","hentry","category-cronica"],"_links":{"self":[{"href":"https:\/\/www.radiopresidenteibanez.cl\/web\/wp-json\/wp\/v2\/posts\/54308","targetHints":{"allow":["GET"]}}],"collection":[{"href":"https:\/\/www.radiopresidenteibanez.cl\/web\/wp-json\/wp\/v2\/posts"}],"about":[{"href":"https:\/\/www.radiopresidenteibanez.cl\/web\/wp-json\/wp\/v2\/types\/post"}],"author":[{"embeddable":true,"href":"https:\/\/www.radiopresidenteibanez.cl\/web\/wp-json\/wp\/v2\/users\/2"}],"replies":[{"embeddable":true,"href":"https:\/\/www.radiopresidenteibanez.cl\/web\/wp-json\/wp\/v2\/comments?post=54308"}],"version-history":[{"count":0,"href":"https:\/\/www.radiopresidenteibanez.cl\/web\/wp-json\/wp\/v2\/posts\/54308\/revisions"}],"wp:featuredmedia":[{"embeddable":true,"href":"https:\/\/www.radiopresidenteibanez.cl\/web\/wp-json\/wp\/v2\/media\/54309"}],"wp:attachment":[{"href":"https:\/\/www.radiopresidenteibanez.cl\/web\/wp-json\/wp\/v2\/media?parent=54308"}],"wp:term":[{"taxonomy":"category","embeddable":true,"href":"https:\/\/www.radiopresidenteibanez.cl\/web\/wp-json\/wp\/v2\/categories?post=54308"},{"taxonomy":"post_tag","embeddable":true,"href":"https:\/\/www.radiopresidenteibanez.cl\/web\/wp-json\/wp\/v2\/tags?post=54308"}],"curies":[{"name":"wp","href":"https:\/\/api.w.org\/{rel}","templated":true}]}}