{"id":54305,"date":"2025-02-12T13:21:00","date_gmt":"2025-02-12T16:21:00","guid":{"rendered":"https:\/\/www.radiopresidenteibanez.cl\/web\/?p=54305"},"modified":"2025-02-12T09:49:09","modified_gmt":"2025-02-12T12:49:09","slug":"la-xv-semana-internacional-de-jazz-en-la-patagonia-2025","status":"publish","type":"post","link":"https:\/\/www.radiopresidenteibanez.cl\/web\/la-xv-semana-internacional-de-jazz-en-la-patagonia-2025\/","title":{"rendered":"La XV Semana Internacional de Jazz en la Patagonia 2025"},"content":{"rendered":"\n<p><strong>La Fundaci\u00f3n Jorge Sharp Corona organiza y presenta la&nbsp;<a>XV Semana Internacional de Jazz en la Patagonia 2025<\/a><\/strong>, el gran evento musical tradicional, una verdadera fiesta musical gratuita y abierta para toda la comunidad durante el per\u00edodo estival, este a\u00f1o se realizar\u00e1 durante 4 d\u00edas,&nbsp;<strong>desde este lunes 17 al mi\u00e9rcoles 19 de febrero&nbsp;<\/strong>a las 20 hrs., en los salones del Hotel Casino Dreams en Punta Arenas,<strong>&nbsp;finalizando el jueves 20 de febrero<\/strong>, igualmente a las 20 hrs., en el Gimnasio del Club Deportivo Esmeralda ubicado en la calle Esmeralda 588 de Puerto Natales.&nbsp;<\/p>\n\n\n\n<p>La programaci\u00f3n del<strong>&nbsp;lunes 17<\/strong>&nbsp;considera en la primera parte a&nbsp;<strong>Organ Trio<\/strong>, agrupaci\u00f3n conformada por Alejandro Espinosa en bater\u00eda, Moncho Romero en \u00f3rgano Hammond y Mart\u00edn Gonz\u00e1lez en guitarra, para luego continuar con el&nbsp;<strong>saxofonista estadounidense Rob Haight, el trompetista Juan Salvo y el contrabajista Marco Reyes.<\/strong><\/p>\n\n\n\n<p><strong>El martes 18<\/strong>&nbsp;se presentar\u00e1 la cantante chilena&nbsp;<strong>Andrea D \u2018Arriar\u00e1n<\/strong>, para luego dar paso al septeto regional&nbsp;<strong>Pepe Le Blue Band<\/strong>, conjunto encabezado por los hermanos Celso y Jos\u00e9 Santana (guitarra y bajo, respectivamente), integrado adem\u00e1s por Jos\u00e9 Morales en bater\u00eda, Mart\u00edn Brice\u00f1o en tromb\u00f3n, Roberto N\u00fa\u00f1ez en saxo, V\u00edctor D\u00edaz en teclados y la voz de Cristian Paredes.<\/p>\n\n\n\n<p><strong>El mi\u00e9rcoles 19<\/strong>&nbsp;ser\u00e1 el turno de&nbsp;<strong>BAF Colectivo Jazz,<\/strong>&nbsp;cuarteto regional encabezado por el saxofonista Antonio Soto, junto a Pablo Vera en guitarra, Javier Rojas en bater\u00eda y Danilo C\u00e1rcamo en bajo.&nbsp;<\/p>\n\n\n\n<p>Cierra la jornada el grupo santiaguino de jazz tradicional&nbsp;<strong>Old Fashion Jazz Band<\/strong>, con Antonella Sigala en voz, Roberto Michillanca en \u201cwashboard\u201d (tabla de lavar), Juan Amen\u00e1bar en banjo, Diego James en tuba, Carlos Soto en trompeta, Boris Ortiz en clarinete y Enzo Medel en saxo alto, este grupo adem\u00e1s se presentar\u00e1 el&nbsp;<strong>jueves 20<\/strong>&nbsp;a las 20 hrs., en el Club Esmeralda en Puerto Natales.<\/p>\n","protected":false},"excerpt":{"rendered":"<p>La Fundaci\u00f3n Jorge Sharp Corona organiza y presenta la&nbsp;XV Semana Internacional de Jazz en la Patagonia 2025, el gran evento musical tradicional, una verdadera fiesta musical gratuita y abierta para&#8230; <a class=\"read-more\" href=\"https:\/\/www.radiopresidenteibanez.cl\/web\/la-xv-semana-internacional-de-jazz-en-la-patagonia-2025\/\">Leer m\u00e1s<\/a><\/p>\n","protected":false},"author":2,"featured_media":54306,"comment_status":"closed","ping_status":"closed","sticky":false,"template":"","format":"standard","meta":{"footnotes":""},"categories":[1],"tags":[],"class_list":["post-54305","post","type-post","status-publish","format-standard","has-post-thumbnail","hentry","category-cronica"],"_links":{"self":[{"href":"https:\/\/www.radiopresidenteibanez.cl\/web\/wp-json\/wp\/v2\/posts\/54305","targetHints":{"allow":["GET"]}}],"collection":[{"href":"https:\/\/www.radiopresidenteibanez.cl\/web\/wp-json\/wp\/v2\/posts"}],"about":[{"href":"https:\/\/www.radiopresidenteibanez.cl\/web\/wp-json\/wp\/v2\/types\/post"}],"author":[{"embeddable":true,"href":"https:\/\/www.radiopresidenteibanez.cl\/web\/wp-json\/wp\/v2\/users\/2"}],"replies":[{"embeddable":true,"href":"https:\/\/www.radiopresidenteibanez.cl\/web\/wp-json\/wp\/v2\/comments?post=54305"}],"version-history":[{"count":0,"href":"https:\/\/www.radiopresidenteibanez.cl\/web\/wp-json\/wp\/v2\/posts\/54305\/revisions"}],"wp:featuredmedia":[{"embeddable":true,"href":"https:\/\/www.radiopresidenteibanez.cl\/web\/wp-json\/wp\/v2\/media\/54306"}],"wp:attachment":[{"href":"https:\/\/www.radiopresidenteibanez.cl\/web\/wp-json\/wp\/v2\/media?parent=54305"}],"wp:term":[{"taxonomy":"category","embeddable":true,"href":"https:\/\/www.radiopresidenteibanez.cl\/web\/wp-json\/wp\/v2\/categories?post=54305"},{"taxonomy":"post_tag","embeddable":true,"href":"https:\/\/www.radiopresidenteibanez.cl\/web\/wp-json\/wp\/v2\/tags?post=54305"}],"curies":[{"name":"wp","href":"https:\/\/api.w.org\/{rel}","templated":true}]}}