{"id":54273,"date":"2025-02-11T11:30:00","date_gmt":"2025-02-11T14:30:00","guid":{"rendered":"https:\/\/www.radiopresidenteibanez.cl\/web\/?p=54273"},"modified":"2025-02-11T11:02:44","modified_gmt":"2025-02-11T14:02:44","slug":"asmar-destaca-a-su-primera-recicladora-de-base-certificada-por-chilevalora","status":"publish","type":"post","link":"https:\/\/www.radiopresidenteibanez.cl\/web\/asmar-destaca-a-su-primera-recicladora-de-base-certificada-por-chilevalora\/","title":{"rendered":"Asmar destaca a su primera recicladora de base certificada por ChileValora"},"content":{"rendered":"\n<p>La regi\u00f3n avanza a pasos agigantados en la entrega de<br>mejores oportunidades de empleabilidad a personas que no han tenido la posibilidad de certificar<br>su experiencia laboral.<br>Esto, a trav\u00e9s de la gesti\u00f3n de ChileValora -servicio dependiente del Ministerio del Trabajo y<br>Previsi\u00f3n Social que opera con apoyo de la subsecretar\u00eda del Trabajo y del Servicio Nacional de<br>Capacitaci\u00f3n y Empleo (Sence)- que en la zona concret\u00f3 m\u00e1s de 570 certificaciones de<br>competencias durante el \u00faltimo a\u00f1o.<br>En esta ocasi\u00f3n, a trav\u00e9s del impulso e iniciativa de la empresa Asmar de Magallanes, se otorg\u00f3<br>esta posibilidad a la inspectora de Medio Ambiente de la empresa, Roxana Seguel, quien se<br>desempe\u00f1a como encargada del proceso de econom\u00eda circular al interior del astillero local.<br>Sus palabras reflejan la felicidad y orgullo de poder certificar las competencias laborales: \u201cMuy<br>feliz por este reconocimiento, no me esperaba que fuera as\u00ed, con la presencia de nuestro<br>administrador, de los seremis del Trabajo y de Medio Ambiente. Muy dichosa, porque, en realidad,<br>es el resultado de un trabajo que se hace muchas veces en silencio y en pro del cuidado del medio<br>ambiente y del trabajo social que tambi\u00e9n hacemos como empresa. As\u00ed que estoy muy feliz con<br>este reconocimiento, el certificado corresponde a una certificaci\u00f3n como reciclador base que se<br>est\u00e1 haciendo a nivel nacional, as\u00ed que feliz tambi\u00e9n de ser una de las primeras certificadas en la<br>regi\u00f3n\u201d, destac\u00f3.<br>El Seremi del Trabajo (s), Marcelo Trivi\u00f1o \u00c1lvarez, quien fue parte del desayuno de reconocimiento<br>a Roxana, expuso que \u201ceste es un momento muy importante, no solo para Roxana, como<br>profesional del \u00e1rea de medio ambiente, sino que para nuestra regi\u00f3n, que ve c\u00f3mo<br>paulatinamente hemos logrado ir acreditando el conocimiento de recicladores y recicladoras de<br>base en diferentes localidades, logrando con esto no s\u00f3lo que tengamos personas con un cart\u00f3n y<br>un reconocimiento a su gesti\u00f3n, sino que con ellos y ellas tambi\u00e9n nos acercamos como regi\u00f3n a<br>mejorar nuestros procedimientos en t\u00e9rminos medioambientales y de econom\u00eda circular, lo que<br>resulta fundamental\u201d.<br>En este mismo \u00e1mbito, el Seremi de Medio Ambiente, Enrique Rebolledo Toro, expres\u00f3 que:<br>\u201cQueremos felicitar a ASMAR Magallanes por el apoyo brindado a su encargada de medio<br>ambiente al haber permitido que se certificara como recicladora de base, acci\u00f3n que permite<br>potenciar el compromiso ambiental asumido por esta entidad, adem\u00e1s en el marco de la Ley REP,<br>que favorece la puesta en valor de la recolecci\u00f3n y valorizaci\u00f3n de residuos\u201d.<\/p>\n\n\n\n<p>Por su parte, la coordinadora regional de ChileValora, Marilyn C\u00e1rdenas Gonz\u00e1lez, expres\u00f3 su<br>orgullo por el trabajo que se ha \u201cconstruido en conjunto con Asmar Magallanes, donde hemos<br>logrado avanzar en la formalizaci\u00f3n de diversas \u00e1reas laborales. Hoy agradecemos su compromiso<br>con el medio ambiente y su trabajo constante y permanente en pro de reducir significativamente<br>los residuos generados al interior del astillero. Adem\u00e1s, destacamos de manera significativa su<br>compromiso con la formalizaci\u00f3n mediante la certificaci\u00f3n de competencias laborales en pro de<br>sus trabajadores\u201d.<br>Uno de los responsables de esta importante alianza entre Asmar y ChileValora, el capit\u00e1n de Nav\u00edo<br>Gonzalo Mitrovich, administrador de la empresa, se\u00f1al\u00f3 que: \u201cRoxana Seguel, nuestra inspectora<br>de medio Ambiente, ha recibido el reconocimiento de ChileValora con su certificaci\u00f3n en el \u00e1mbito<br>de reciclaje y este es un reconocimiento a su esfuerzo, a su trabajo, siendo ella un motor en todos<br>los aspectos medioambientales. As\u00ed que estamos muy contentos de poder recibir este<br>reconocimiento como empresa, representado en Roxana Seguel, y que va en la l\u00ednea de nuestro<br>compromiso con el cuidado de medio ambiente con nuestras pol\u00edticas y medidas que nos<br>permiten contribuir a este fin\u201d.<br>Las autoridades hicieron un llamado a que m\u00e1s empresas regionales se sumen a este compromiso<br>con la certificaci\u00f3n de competencias laborales que, por un lado, otorga un reconocimiento<br>concreto a las y los trabajadores, mientras, por otro lado, contribuye al mejoramiento de la<br>competitividad y productividad de las organizaciones.<\/p>\n","protected":false},"excerpt":{"rendered":"<p>La regi\u00f3n avanza a pasos agigantados en la entrega demejores oportunidades de empleabilidad a personas que no han tenido la posibilidad de certificarsu experiencia laboral.Esto, a trav\u00e9s de la gesti\u00f3n&#8230; <a class=\"read-more\" href=\"https:\/\/www.radiopresidenteibanez.cl\/web\/asmar-destaca-a-su-primera-recicladora-de-base-certificada-por-chilevalora\/\">Leer m\u00e1s<\/a><\/p>\n","protected":false},"author":2,"featured_media":54274,"comment_status":"closed","ping_status":"closed","sticky":false,"template":"","format":"standard","meta":{"footnotes":""},"categories":[1],"tags":[],"class_list":["post-54273","post","type-post","status-publish","format-standard","has-post-thumbnail","hentry","category-cronica"],"_links":{"self":[{"href":"https:\/\/www.radiopresidenteibanez.cl\/web\/wp-json\/wp\/v2\/posts\/54273","targetHints":{"allow":["GET"]}}],"collection":[{"href":"https:\/\/www.radiopresidenteibanez.cl\/web\/wp-json\/wp\/v2\/posts"}],"about":[{"href":"https:\/\/www.radiopresidenteibanez.cl\/web\/wp-json\/wp\/v2\/types\/post"}],"author":[{"embeddable":true,"href":"https:\/\/www.radiopresidenteibanez.cl\/web\/wp-json\/wp\/v2\/users\/2"}],"replies":[{"embeddable":true,"href":"https:\/\/www.radiopresidenteibanez.cl\/web\/wp-json\/wp\/v2\/comments?post=54273"}],"version-history":[{"count":0,"href":"https:\/\/www.radiopresidenteibanez.cl\/web\/wp-json\/wp\/v2\/posts\/54273\/revisions"}],"wp:featuredmedia":[{"embeddable":true,"href":"https:\/\/www.radiopresidenteibanez.cl\/web\/wp-json\/wp\/v2\/media\/54274"}],"wp:attachment":[{"href":"https:\/\/www.radiopresidenteibanez.cl\/web\/wp-json\/wp\/v2\/media?parent=54273"}],"wp:term":[{"taxonomy":"category","embeddable":true,"href":"https:\/\/www.radiopresidenteibanez.cl\/web\/wp-json\/wp\/v2\/categories?post=54273"},{"taxonomy":"post_tag","embeddable":true,"href":"https:\/\/www.radiopresidenteibanez.cl\/web\/wp-json\/wp\/v2\/tags?post=54273"}],"curies":[{"name":"wp","href":"https:\/\/api.w.org\/{rel}","templated":true}]}}