{"id":54255,"date":"2025-02-10T15:09:00","date_gmt":"2025-02-10T18:09:00","guid":{"rendered":"https:\/\/www.radiopresidenteibanez.cl\/web\/?p=54255"},"modified":"2025-02-10T10:53:24","modified_gmt":"2025-02-10T13:53:24","slug":"nuevo-contrato-para-sector-san-juan-cuenta-con-gratuidad-para-personas-mayores","status":"publish","type":"post","link":"https:\/\/www.radiopresidenteibanez.cl\/web\/nuevo-contrato-para-sector-san-juan-cuenta-con-gratuidad-para-personas-mayores\/","title":{"rendered":"Nuevo contrato para sector San Juan cuenta con gratuidad para personas mayores"},"content":{"rendered":"\n<p>El servicio de transporte rural que une Punta Arenas con el sector Agua Fresca y San Juan,<br>volver\u00e1 a operar con normalidad una vez que el nuevo contrato sea adjudicado, proceso<br>que est\u00e1 en su fase final. El 6 de febrero fue el \u00faltimo d\u00eda formal de operaci\u00f3n del contrato<br>anterior.<br>\u201cLamentamos los problemas que puedan generar para los usuarios estos d\u00edas sin servicio.<br>Sin embargo, todo el transporte p\u00fablico subsidiado requiere de contratos vigentes para<br>poder cumplir con su operaci\u00f3n, lo que en este caso estamos tratando de tramitar en el<br>menor tiempo posible de acuerdo a los plazos legales que imponen este tipo de<br>procesos\u201d, se\u00f1al\u00f3 el seremi de Transportes y Telecomunicaciones Alejandro Goich Barr\u00eda.<br>Asimismo, destac\u00f3 que el contrato que pronto se firmar\u00e1 gracias a la adjudicaci\u00f3n de esta<br>licitaci\u00f3n p\u00fablica, viene con importantes mejoras para las y los usuarios, como mayor<br>cantidad de frecuencias y gratuidad para las personas mayores.<\/p>\n","protected":false},"excerpt":{"rendered":"<p>El servicio de transporte rural que une Punta Arenas con el sector Agua Fresca y San Juan,volver\u00e1 a operar con normalidad una vez que el nuevo contrato sea adjudicado, procesoque&#8230; <a class=\"read-more\" href=\"https:\/\/www.radiopresidenteibanez.cl\/web\/nuevo-contrato-para-sector-san-juan-cuenta-con-gratuidad-para-personas-mayores\/\">Leer m\u00e1s<\/a><\/p>\n","protected":false},"author":2,"featured_media":54256,"comment_status":"closed","ping_status":"closed","sticky":false,"template":"","format":"standard","meta":{"footnotes":""},"categories":[1],"tags":[],"class_list":["post-54255","post","type-post","status-publish","format-standard","has-post-thumbnail","hentry","category-cronica"],"_links":{"self":[{"href":"https:\/\/www.radiopresidenteibanez.cl\/web\/wp-json\/wp\/v2\/posts\/54255","targetHints":{"allow":["GET"]}}],"collection":[{"href":"https:\/\/www.radiopresidenteibanez.cl\/web\/wp-json\/wp\/v2\/posts"}],"about":[{"href":"https:\/\/www.radiopresidenteibanez.cl\/web\/wp-json\/wp\/v2\/types\/post"}],"author":[{"embeddable":true,"href":"https:\/\/www.radiopresidenteibanez.cl\/web\/wp-json\/wp\/v2\/users\/2"}],"replies":[{"embeddable":true,"href":"https:\/\/www.radiopresidenteibanez.cl\/web\/wp-json\/wp\/v2\/comments?post=54255"}],"version-history":[{"count":0,"href":"https:\/\/www.radiopresidenteibanez.cl\/web\/wp-json\/wp\/v2\/posts\/54255\/revisions"}],"wp:featuredmedia":[{"embeddable":true,"href":"https:\/\/www.radiopresidenteibanez.cl\/web\/wp-json\/wp\/v2\/media\/54256"}],"wp:attachment":[{"href":"https:\/\/www.radiopresidenteibanez.cl\/web\/wp-json\/wp\/v2\/media?parent=54255"}],"wp:term":[{"taxonomy":"category","embeddable":true,"href":"https:\/\/www.radiopresidenteibanez.cl\/web\/wp-json\/wp\/v2\/categories?post=54255"},{"taxonomy":"post_tag","embeddable":true,"href":"https:\/\/www.radiopresidenteibanez.cl\/web\/wp-json\/wp\/v2\/tags?post=54255"}],"curies":[{"name":"wp","href":"https:\/\/api.w.org\/{rel}","templated":true}]}}