{"id":54238,"date":"2025-02-09T16:10:00","date_gmt":"2025-02-09T19:10:00","guid":{"rendered":"https:\/\/www.radiopresidenteibanez.cl\/web\/?p=54238"},"modified":"2025-02-09T11:14:19","modified_gmt":"2025-02-09T14:14:19","slug":"con-actividades-ludicas-y-educativas-para-ninos-de-las-colonias-de-verano-se-conmemoro-el-dia-contra-el-cancer-en-natales","status":"publish","type":"post","link":"https:\/\/www.radiopresidenteibanez.cl\/web\/con-actividades-ludicas-y-educativas-para-ninos-de-las-colonias-de-verano-se-conmemoro-el-dia-contra-el-cancer-en-natales\/","title":{"rendered":"Con actividades l\u00fadicas y educativas para ni\u00f1os de las Colonias de Verano se conmemor\u00f3 el D\u00eda Contra el C\u00e1ncer en Natales"},"content":{"rendered":"\n<p>El pasado 4 de febrero se conmemor\u00f3 el D\u00eda Mundial Contra en C\u00e1ncer, fecha establecida<br>con el objetivo de concienciar sobre la importancia de la prevenci\u00f3n y la detecci\u00f3n temprana de<br>esta enfermedad. En Chile y el mundo, el c\u00e1ncer es una de las principales causas de muerte, pero<br>muchas de sus variantes pueden prevenirse o tratarse eficazmente si se diagnostican a tiempo.<br>Por ello, este a\u00f1o equipos de salud del Hospital de Natales y CESFAM, junto a la<br>Agrupaci\u00f3n Resiliencia, desarrollaron actividades sociosanitarias destinadas a las infancias, en que<br>los m\u00e1s peque\u00f1os aprendieron los factores de riesgo y protectores de esta patolog\u00eda de gran<br>prevalencia.<br>Tal como explic\u00f3 la enfermera gestora de casos oncol\u00f3gicos, Javiera Soto, \u201cesta actividad<br>de difusi\u00f3n y promoci\u00f3n se enmarca en el D\u00eda Mundial del C\u00e1ncer y busca que las infancias<br>aprendan sobre la importancia de mantener estilos de vida saludables y utilizar protector solar. Tal<br>como OMS se\u00f1ala, alrededor del 50% de los casos de c\u00e1ncer pueden prevenirse con h\u00e1bitos<br>saludables, entre ellos: &nbsp;no fumar ni exponerse al humo del tabaco, mantener una alimentaci\u00f3n<br>equilibrada, rica en frutas y verduras, realizar actividad f\u00edsica regularmente, evitar el consumo<br>excesivo de alcohol y protegerse de la radiaci\u00f3n ultravioleta con bloqueador solar\u201d, se\u00f1al\u00f3 la<br>profesional.<br>A trav\u00e9s de juegos, concursos y din\u00e1micas l\u00fadicas los m\u00e1s peque\u00f1os aprendieron como<br>prevenir el c\u00e1ncer. El M\u00e9dico Familiar de Gesti\u00f3n Oncol\u00f3gica del Hospital Dr. Augusto Essmann<br>Burgos, Sim\u00f3n R\u00edos, indic\u00f3 que \u201centre unos factores que preventivos est\u00e1 el uso de protector solar<br>los ni\u00f1os est\u00e1n m\u00e1s expuestos a los efectos da\u00f1inos del sol en su piel. Es importante destacar que<br>las quemaduras solares que se sufren en la infancia son uno de los&nbsp;principales factores de riesgo<br>para desarrollar c\u00e1ncer de piel en la edad adulta.&nbsp;Adem\u00e1s, los efectos da\u00f1inos del sol son<br>acumulativos e irreversibles ya que la \u2018piel tiene memoria\u2019, por ello desde los 6 meses de edad<br>deben utilizar protector solar infantil factor 50. El protector debe tener protecci\u00f3n para rayos UVA<br>y UVB\u201d.<br>Adem\u00e1s, el Dr. R\u00edos explic\u00f3 que \u201ca pesar que en nuestra regi\u00f3n haga m\u00e1s fr\u00edo, esto no<br>quiere decir que no tengamos riesgo de sufrir c\u00e1ncer, ya que los rayos UV llegan de igual forma a<br>nuestro cuerpo. Incluso presentamos cifras m\u00e1s altas de c\u00e1ncer de piel que en regiones del norte<br>de Chile\u201d, concluy\u00f3 el especialista.<\/p>\n","protected":false},"excerpt":{"rendered":"<p>El pasado 4 de febrero se conmemor\u00f3 el D\u00eda Mundial Contra en C\u00e1ncer, fecha establecidacon el objetivo de concienciar sobre la importancia de la prevenci\u00f3n y la detecci\u00f3n temprana deesta&#8230; <a class=\"read-more\" href=\"https:\/\/www.radiopresidenteibanez.cl\/web\/con-actividades-ludicas-y-educativas-para-ninos-de-las-colonias-de-verano-se-conmemoro-el-dia-contra-el-cancer-en-natales\/\">Leer m\u00e1s<\/a><\/p>\n","protected":false},"author":2,"featured_media":54239,"comment_status":"closed","ping_status":"closed","sticky":false,"template":"","format":"standard","meta":{"footnotes":""},"categories":[1],"tags":[],"class_list":["post-54238","post","type-post","status-publish","format-standard","has-post-thumbnail","hentry","category-cronica"],"_links":{"self":[{"href":"https:\/\/www.radiopresidenteibanez.cl\/web\/wp-json\/wp\/v2\/posts\/54238","targetHints":{"allow":["GET"]}}],"collection":[{"href":"https:\/\/www.radiopresidenteibanez.cl\/web\/wp-json\/wp\/v2\/posts"}],"about":[{"href":"https:\/\/www.radiopresidenteibanez.cl\/web\/wp-json\/wp\/v2\/types\/post"}],"author":[{"embeddable":true,"href":"https:\/\/www.radiopresidenteibanez.cl\/web\/wp-json\/wp\/v2\/users\/2"}],"replies":[{"embeddable":true,"href":"https:\/\/www.radiopresidenteibanez.cl\/web\/wp-json\/wp\/v2\/comments?post=54238"}],"version-history":[{"count":0,"href":"https:\/\/www.radiopresidenteibanez.cl\/web\/wp-json\/wp\/v2\/posts\/54238\/revisions"}],"wp:featuredmedia":[{"embeddable":true,"href":"https:\/\/www.radiopresidenteibanez.cl\/web\/wp-json\/wp\/v2\/media\/54239"}],"wp:attachment":[{"href":"https:\/\/www.radiopresidenteibanez.cl\/web\/wp-json\/wp\/v2\/media?parent=54238"}],"wp:term":[{"taxonomy":"category","embeddable":true,"href":"https:\/\/www.radiopresidenteibanez.cl\/web\/wp-json\/wp\/v2\/categories?post=54238"},{"taxonomy":"post_tag","embeddable":true,"href":"https:\/\/www.radiopresidenteibanez.cl\/web\/wp-json\/wp\/v2\/tags?post=54238"}],"curies":[{"name":"wp","href":"https:\/\/api.w.org\/{rel}","templated":true}]}}